{"id":101,"date":"2013-09-18T20:34:23","date_gmt":"2013-09-18T18:34:23","guid":{"rendered":"https:\/\/wp.domsvitania.sk\/?p=101"},"modified":"2025-02-28T14:23:53","modified_gmt":"2025-02-28T13:23:53","slug":"vylet-do-plaveckeho-podhradia","status":"publish","type":"post","link":"https:\/\/www.domsvitania.sk\/?p=101","title":{"rendered":"V\u00fdlet do Plaveck\u00e9ho Podhradia"},"content":{"rendered":"<p style=\"text-align: justify;\">V\u00fdlet do Plaveck\u00e9ho Podhradia sa uskuto\u010dnil 13.7. \u2013 14.7. 2013 v Agropartner, s. r. o. Wellness centrum Plaveck\u00e9 Podhradie. Na\u0161im klientom sme pripravili bohat\u00fd program, v ktorom nesmela ch\u00fdba\u0165 jazda na kon\u00edkoch, v\u00fdlet na strelnicu \u010di zr\u00facaninu hradu. Domov z v\u00fdletu sme sa vracali pln\u00ed nov\u00fdch z\u00e1\u017eitkov a pocitov.<\/p>\n<p><!--more--><\/p>\n<div class=\"fg_gallery\">\n<div class=\"fg_thumbnail\" style=\"width:166px;margin:0px 5px 5px 0px;\">\n<a title=\"My Gallery (1\/5)\" href=\"https:\/\/www.domsvitania.sk\/images\/2013Plavecke_Podhradie\/image001.jpg\"><img decoding=\"async\" src=\"https:\/\/www.domsvitania.sk\/images\/2013Plavecke_Podhradie\/cache_160x0\/image001.jpg\" style=\"width:160px;margin:0;padding:2px;border-width:1px;\" alt=\"My Gallery (1\/5)\" \/><\/a><\/div>\n<div class=\"fg_thumbnail\" style=\"width:166px;margin:0px 5px 5px 0px;\">\n<a title=\"My Gallery (2\/5)\" href=\"https:\/\/www.domsvitania.sk\/images\/2013Plavecke_Podhradie\/image002.jpg\"><img decoding=\"async\" src=\"https:\/\/www.domsvitania.sk\/images\/2013Plavecke_Podhradie\/cache_160x0\/image002.jpg\" style=\"width:160px;margin:0;padding:2px;border-width:1px;\" alt=\"My Gallery (2\/5)\" \/><\/a><\/div>\n<div class=\"fg_thumbnail\" style=\"width:166px;margin:0px 5px 5px 0px;\">\n<a title=\"My Gallery (3\/5)\" href=\"https:\/\/www.domsvitania.sk\/images\/2013Plavecke_Podhradie\/image003.jpg\"><img decoding=\"async\" src=\"https:\/\/www.domsvitania.sk\/images\/2013Plavecke_Podhradie\/cache_160x0\/image003.jpg\" style=\"width:160px;margin:0;padding:2px;border-width:1px;\" alt=\"My Gallery (3\/5)\" \/><\/a><\/div>\n<div class=\"fg_thumbnail\" style=\"width:166px;margin:0px 5px 5px 0px;\">\n<a title=\"My Gallery (4\/5)\" href=\"https:\/\/www.domsvitania.sk\/images\/2013Plavecke_Podhradie\/image004.jpg\"><img decoding=\"async\" src=\"https:\/\/www.domsvitania.sk\/images\/2013Plavecke_Podhradie\/cache_160x0\/image004.jpg\" style=\"width:160px;margin:0;padding:2px;border-width:1px;\" alt=\"My Gallery (4\/5)\" \/><\/a><\/div>\n<div class=\"fg_thumbnail\" style=\"width:166px;margin:0px 5px 5px 0px;\">\n<a title=\"My Gallery (5\/5)\" href=\"https:\/\/www.domsvitania.sk\/images\/2013Plavecke_Podhradie\/image005.jpg\"><img decoding=\"async\" src=\"https:\/\/www.domsvitania.sk\/images\/2013Plavecke_Podhradie\/cache_160x0\/image005.jpg\" style=\"width:160px;margin:0;padding:2px;border-width:1px;\" alt=\"My Gallery (5\/5)\" \/><\/a><\/div><br style=\"clear: both\" \/>\n<\/div>\n\n","protected":false},"excerpt":{"rendered":"<p>V\u00fdlet do Plaveck\u00e9ho Podhradia sa uskuto\u010dnil 13.7. \u2013 14.7. 2013 v Agropartner, s. r. o. Wellness centrum Plaveck\u00e9 Podhradie. Na\u0161im klientom sme pripravili bohat\u00fd program, v ktorom nesmela ch\u00fdba\u0165 jazda na kon\u00edkoch, v\u00fdlet na strelnicu \u010di zr\u00facaninu hradu. Domov z v\u00fdletu sme sa vracali pln\u00ed nov\u00fdch z\u00e1\u017eitkov a pocitov.<\/p>\n","protected":false},"author":1,"featured_media":1077,"comment_status":"open","ping_status":"open","sticky":false,"template":"","format":"standard","meta":{"_kad_post_transparent":"","_kad_post_title":"","_kad_post_layout":"","_kad_post_sidebar_id":"","_kad_post_content_style":"","_kad_post_vertical_padding":"","_kad_post_feature":"","_kad_post_feature_position":"","_kad_post_header":false,"_kad_post_footer":false,"_kad_post_classname":"","_jetpack_memberships_contains_paid_content":false,"footnotes":""},"categories":[57],"tags":[],"class_list":["post-101","post","type-post","status-publish","format-standard","has-post-thumbnail","hentry","category-archiv"],"yoast_head":"<!-- This site is optimized with the Yoast SEO plugin v26.7 - https:\/\/yoast.com\/wordpress\/plugins\/seo\/ -->\n<title>V\u00fdlet do Plaveck\u00e9ho Podhradia - Dom Svitania<\/title>\n<meta name=\"robots\" content=\"index, follow, max-snippet:-1, max-image-preview:large, max-video-preview:-1\" \/>\n<link rel=\"canonical\" href=\"https:\/\/www.domsvitania.sk\/?p=101\" \/>\n<meta property=\"og:locale\" content=\"sk_SK\" \/>\n<meta property=\"og:type\" content=\"article\" \/>\n<meta property=\"og:title\" content=\"V\u00fdlet do Plaveck\u00e9ho Podhradia - Dom Svitania\" \/>\n<meta property=\"og:description\" content=\"V\u00fdlet do Plaveck\u00e9ho Podhradia sa uskuto\u010dnil 13.7. \u2013 14.7. 2013 v Agropartner, s. r. o. Wellness centrum Plaveck\u00e9 Podhradie. Na\u0161im klientom sme pripravili bohat\u00fd program, v ktorom nesmela ch\u00fdba\u0165 jazda na kon\u00edkoch, v\u00fdlet na strelnicu \u010di zr\u00facaninu hradu. Domov z v\u00fdletu sme sa vracali pln\u00ed nov\u00fdch z\u00e1\u017eitkov a pocitov.\" \/>\n<meta property=\"og:url\" content=\"https:\/\/www.domsvitania.sk\/?p=101\" \/>\n<meta property=\"og:site_name\" content=\"Dom Svitania\" \/>\n<meta property=\"article:publisher\" content=\"https:\/\/www.facebook.com\/domsvitaniask\" \/>\n<meta property=\"article:published_time\" content=\"2013-09-18T18:34:23+00:00\" \/>\n<meta property=\"article:modified_time\" content=\"2025-02-28T13:23:53+00:00\" \/>\n<meta property=\"og:image\" content=\"https:\/\/www.domsvitania.sk\/wp-content\/uploads\/2013\/09\/image005-e1674412938501.jpg\" \/>\n\t<meta property=\"og:image:width\" content=\"551\" \/>\n\t<meta property=\"og:image:height\" content=\"264\" \/>\n\t<meta property=\"og:image:type\" content=\"image\/jpeg\" \/>\n<meta name=\"author\" content=\"admin\" \/>\n<meta name=\"twitter:card\" content=\"summary_large_image\" \/>\n<meta name=\"twitter:label1\" content=\"Autor\" \/>\n\t<meta name=\"twitter:data1\" content=\"admin\" \/>\n<script type=\"application\/ld+json\" class=\"yoast-schema-graph\">{\"@context\":\"https:\/\/schema.org\",\"@graph\":[{\"@type\":\"Article\",\"@id\":\"https:\/\/www.domsvitania.sk\/?p=101#article\",\"isPartOf\":{\"@id\":\"https:\/\/www.domsvitania.sk\/?p=101\"},\"author\":{\"name\":\"admin\",\"@id\":\"https:\/\/www.domsvitania.sk\/#\/schema\/person\/0044dcfade948b8ffe79692cb498c42e\"},\"headline\":\"V\u00fdlet do Plaveck\u00e9ho Podhradia\",\"datePublished\":\"2013-09-18T18:34:23+00:00\",\"dateModified\":\"2025-02-28T13:23:53+00:00\",\"mainEntityOfPage\":{\"@id\":\"https:\/\/www.domsvitania.sk\/?p=101\"},\"wordCount\":67,\"commentCount\":0,\"publisher\":{\"@id\":\"https:\/\/www.domsvitania.sk\/#organization\"},\"image\":{\"@id\":\"https:\/\/www.domsvitania.sk\/?p=101#primaryimage\"},\"thumbnailUrl\":\"https:\/\/www.domsvitania.sk\/wp-content\/uploads\/2013\/09\/image005-e1674412938501.jpg\",\"articleSection\":[\"Archiv\"],\"inLanguage\":\"sk-SK\",\"potentialAction\":[{\"@type\":\"CommentAction\",\"name\":\"Comment\",\"target\":[\"https:\/\/www.domsvitania.sk\/?p=101#respond\"]}]},{\"@type\":\"WebPage\",\"@id\":\"https:\/\/www.domsvitania.sk\/?p=101\",\"url\":\"https:\/\/www.domsvitania.sk\/?p=101\",\"name\":\"V\u00fdlet do Plaveck\u00e9ho Podhradia - Dom Svitania\",\"isPartOf\":{\"@id\":\"https:\/\/www.domsvitania.sk\/#website\"},\"primaryImageOfPage\":{\"@id\":\"https:\/\/www.domsvitania.sk\/?p=101#primaryimage\"},\"image\":{\"@id\":\"https:\/\/www.domsvitania.sk\/?p=101#primaryimage\"},\"thumbnailUrl\":\"https:\/\/www.domsvitania.sk\/wp-content\/uploads\/2013\/09\/image005-e1674412938501.jpg\",\"datePublished\":\"2013-09-18T18:34:23+00:00\",\"dateModified\":\"2025-02-28T13:23:53+00:00\",\"breadcrumb\":{\"@id\":\"https:\/\/www.domsvitania.sk\/?p=101#breadcrumb\"},\"inLanguage\":\"sk-SK\",\"potentialAction\":[{\"@type\":\"ReadAction\",\"target\":[\"https:\/\/www.domsvitania.sk\/?p=101\"]}]},{\"@type\":\"ImageObject\",\"inLanguage\":\"sk-SK\",\"@id\":\"https:\/\/www.domsvitania.sk\/?p=101#primaryimage\",\"url\":\"https:\/\/www.domsvitania.sk\/wp-content\/uploads\/2013\/09\/image005-e1674412938501.jpg\",\"contentUrl\":\"https:\/\/www.domsvitania.sk\/wp-content\/uploads\/2013\/09\/image005-e1674412938501.jpg\",\"width\":551,\"height\":264},{\"@type\":\"BreadcrumbList\",\"@id\":\"https:\/\/www.domsvitania.sk\/?p=101#breadcrumb\",\"itemListElement\":[{\"@type\":\"ListItem\",\"position\":1,\"name\":\"Domovsk\u00e1 str\u00e1nka\",\"item\":\"https:\/\/www.domsvitania.sk\/\"},{\"@type\":\"ListItem\",\"position\":2,\"name\":\"V\u00fdlet do Plaveck\u00e9ho Podhradia\"}]},{\"@type\":\"WebSite\",\"@id\":\"https:\/\/www.domsvitania.sk\/#website\",\"url\":\"https:\/\/www.domsvitania.sk\/\",\"name\":\"Dom Svitania\",\"description\":\"Rehabilita\u010dn\u00e9 stredisko a chr\u00e1nen\u00e1 diel\u0148a\",\"publisher\":{\"@id\":\"https:\/\/www.domsvitania.sk\/#organization\"},\"potentialAction\":[{\"@type\":\"SearchAction\",\"target\":{\"@type\":\"EntryPoint\",\"urlTemplate\":\"https:\/\/www.domsvitania.sk\/?s={search_term_string}\"},\"query-input\":{\"@type\":\"PropertyValueSpecification\",\"valueRequired\":true,\"valueName\":\"search_term_string\"}}],\"inLanguage\":\"sk-SK\"},{\"@type\":\"Organization\",\"@id\":\"https:\/\/www.domsvitania.sk\/#organization\",\"name\":\"Dom Svitania, n.o.\",\"url\":\"https:\/\/www.domsvitania.sk\/\",\"logo\":{\"@type\":\"ImageObject\",\"inLanguage\":\"sk-SK\",\"@id\":\"https:\/\/www.domsvitania.sk\/#\/schema\/logo\/image\/\",\"url\":\"https:\/\/www.domsvitania.sk\/wp-content\/uploads\/2023\/01\/dom_svitania_logo.jpg\",\"contentUrl\":\"https:\/\/www.domsvitania.sk\/wp-content\/uploads\/2023\/01\/dom_svitania_logo.jpg\",\"width\":243,\"height\":208,\"caption\":\"Dom Svitania, n.o.\"},\"image\":{\"@id\":\"https:\/\/www.domsvitania.sk\/#\/schema\/logo\/image\/\"},\"sameAs\":[\"https:\/\/www.facebook.com\/domsvitaniask\",\"https:\/\/www.instagram.com\/domsvitania\"]},{\"@type\":\"Person\",\"@id\":\"https:\/\/www.domsvitania.sk\/#\/schema\/person\/0044dcfade948b8ffe79692cb498c42e\",\"name\":\"admin\",\"image\":{\"@type\":\"ImageObject\",\"inLanguage\":\"sk-SK\",\"@id\":\"https:\/\/www.domsvitania.sk\/#\/schema\/person\/image\/\",\"url\":\"https:\/\/secure.gravatar.com\/avatar\/53ef7be8d1b92131e110e2a3f8fb8762d6e8986f8fd1802949720b8250706630?s=96&d=mm&r=g\",\"contentUrl\":\"https:\/\/secure.gravatar.com\/avatar\/53ef7be8d1b92131e110e2a3f8fb8762d6e8986f8fd1802949720b8250706630?s=96&d=mm&r=g\",\"caption\":\"admin\"},\"sameAs\":[\"http:\/\/wp.domsvitania.sk\"],\"url\":\"https:\/\/www.domsvitania.sk\/?author=1\"}]}<\/script>\n<!-- \/ Yoast SEO plugin. -->","yoast_head_json":{"title":"V\u00fdlet do Plaveck\u00e9ho Podhradia - Dom Svitania","robots":{"index":"index","follow":"follow","max-snippet":"max-snippet:-1","max-image-preview":"max-image-preview:large","max-video-preview":"max-video-preview:-1"},"canonical":"https:\/\/www.domsvitania.sk\/?p=101","og_locale":"sk_SK","og_type":"article","og_title":"V\u00fdlet do Plaveck\u00e9ho Podhradia - Dom Svitania","og_description":"V\u00fdlet do Plaveck\u00e9ho Podhradia sa uskuto\u010dnil 13.7. \u2013 14.7. 2013 v Agropartner, s. r. o. Wellness centrum Plaveck\u00e9 Podhradie. Na\u0161im klientom sme pripravili bohat\u00fd program, v ktorom nesmela ch\u00fdba\u0165 jazda na kon\u00edkoch, v\u00fdlet na strelnicu \u010di zr\u00facaninu hradu. Domov z v\u00fdletu sme sa vracali pln\u00ed nov\u00fdch z\u00e1\u017eitkov a pocitov.","og_url":"https:\/\/www.domsvitania.sk\/?p=101","og_site_name":"Dom Svitania","article_publisher":"https:\/\/www.facebook.com\/domsvitaniask","article_published_time":"2013-09-18T18:34:23+00:00","article_modified_time":"2025-02-28T13:23:53+00:00","og_image":[{"width":551,"height":264,"url":"https:\/\/www.domsvitania.sk\/wp-content\/uploads\/2013\/09\/image005-e1674412938501.jpg","type":"image\/jpeg"}],"author":"admin","twitter_card":"summary_large_image","twitter_misc":{"Autor":"admin"},"schema":{"@context":"https:\/\/schema.org","@graph":[{"@type":"Article","@id":"https:\/\/www.domsvitania.sk\/?p=101#article","isPartOf":{"@id":"https:\/\/www.domsvitania.sk\/?p=101"},"author":{"name":"admin","@id":"https:\/\/www.domsvitania.sk\/#\/schema\/person\/0044dcfade948b8ffe79692cb498c42e"},"headline":"V\u00fdlet do Plaveck\u00e9ho Podhradia","datePublished":"2013-09-18T18:34:23+00:00","dateModified":"2025-02-28T13:23:53+00:00","mainEntityOfPage":{"@id":"https:\/\/www.domsvitania.sk\/?p=101"},"wordCount":67,"commentCount":0,"publisher":{"@id":"https:\/\/www.domsvitania.sk\/#organization"},"image":{"@id":"https:\/\/www.domsvitania.sk\/?p=101#primaryimage"},"thumbnailUrl":"https:\/\/www.domsvitania.sk\/wp-content\/uploads\/2013\/09\/image005-e1674412938501.jpg","articleSection":["Archiv"],"inLanguage":"sk-SK","potentialAction":[{"@type":"CommentAction","name":"Comment","target":["https:\/\/www.domsvitania.sk\/?p=101#respond"]}]},{"@type":"WebPage","@id":"https:\/\/www.domsvitania.sk\/?p=101","url":"https:\/\/www.domsvitania.sk\/?p=101","name":"V\u00fdlet do Plaveck\u00e9ho Podhradia - Dom Svitania","isPartOf":{"@id":"https:\/\/www.domsvitania.sk\/#website"},"primaryImageOfPage":{"@id":"https:\/\/www.domsvitania.sk\/?p=101#primaryimage"},"image":{"@id":"https:\/\/www.domsvitania.sk\/?p=101#primaryimage"},"thumbnailUrl":"https:\/\/www.domsvitania.sk\/wp-content\/uploads\/2013\/09\/image005-e1674412938501.jpg","datePublished":"2013-09-18T18:34:23+00:00","dateModified":"2025-02-28T13:23:53+00:00","breadcrumb":{"@id":"https:\/\/www.domsvitania.sk\/?p=101#breadcrumb"},"inLanguage":"sk-SK","potentialAction":[{"@type":"ReadAction","target":["https:\/\/www.domsvitania.sk\/?p=101"]}]},{"@type":"ImageObject","inLanguage":"sk-SK","@id":"https:\/\/www.domsvitania.sk\/?p=101#primaryimage","url":"https:\/\/www.domsvitania.sk\/wp-content\/uploads\/2013\/09\/image005-e1674412938501.jpg","contentUrl":"https:\/\/www.domsvitania.sk\/wp-content\/uploads\/2013\/09\/image005-e1674412938501.jpg","width":551,"height":264},{"@type":"BreadcrumbList","@id":"https:\/\/www.domsvitania.sk\/?p=101#breadcrumb","itemListElement":[{"@type":"ListItem","position":1,"name":"Domovsk\u00e1 str\u00e1nka","item":"https:\/\/www.domsvitania.sk\/"},{"@type":"ListItem","position":2,"name":"V\u00fdlet do Plaveck\u00e9ho Podhradia"}]},{"@type":"WebSite","@id":"https:\/\/www.domsvitania.sk\/#website","url":"https:\/\/www.domsvitania.sk\/","name":"Dom Svitania","description":"Rehabilita\u010dn\u00e9 stredisko a chr\u00e1nen\u00e1 diel\u0148a","publisher":{"@id":"https:\/\/www.domsvitania.sk\/#organization"},"potentialAction":[{"@type":"SearchAction","target":{"@type":"EntryPoint","urlTemplate":"https:\/\/www.domsvitania.sk\/?s={search_term_string}"},"query-input":{"@type":"PropertyValueSpecification","valueRequired":true,"valueName":"search_term_string"}}],"inLanguage":"sk-SK"},{"@type":"Organization","@id":"https:\/\/www.domsvitania.sk\/#organization","name":"Dom Svitania, n.o.","url":"https:\/\/www.domsvitania.sk\/","logo":{"@type":"ImageObject","inLanguage":"sk-SK","@id":"https:\/\/www.domsvitania.sk\/#\/schema\/logo\/image\/","url":"https:\/\/www.domsvitania.sk\/wp-content\/uploads\/2023\/01\/dom_svitania_logo.jpg","contentUrl":"https:\/\/www.domsvitania.sk\/wp-content\/uploads\/2023\/01\/dom_svitania_logo.jpg","width":243,"height":208,"caption":"Dom Svitania, n.o."},"image":{"@id":"https:\/\/www.domsvitania.sk\/#\/schema\/logo\/image\/"},"sameAs":["https:\/\/www.facebook.com\/domsvitaniask","https:\/\/www.instagram.com\/domsvitania"]},{"@type":"Person","@id":"https:\/\/www.domsvitania.sk\/#\/schema\/person\/0044dcfade948b8ffe79692cb498c42e","name":"admin","image":{"@type":"ImageObject","inLanguage":"sk-SK","@id":"https:\/\/www.domsvitania.sk\/#\/schema\/person\/image\/","url":"https:\/\/secure.gravatar.com\/avatar\/53ef7be8d1b92131e110e2a3f8fb8762d6e8986f8fd1802949720b8250706630?s=96&d=mm&r=g","contentUrl":"https:\/\/secure.gravatar.com\/avatar\/53ef7be8d1b92131e110e2a3f8fb8762d6e8986f8fd1802949720b8250706630?s=96&d=mm&r=g","caption":"admin"},"sameAs":["http:\/\/wp.domsvitania.sk"],"url":"https:\/\/www.domsvitania.sk\/?author=1"}]}},"jetpack_featured_media_url":"https:\/\/www.domsvitania.sk\/wp-content\/uploads\/2013\/09\/image005-e1674412938501.jpg","jetpack_sharing_enabled":true,"_links":{"self":[{"href":"https:\/\/www.domsvitania.sk\/index.php?rest_route=\/wp\/v2\/posts\/101","targetHints":{"allow":["GET"]}}],"collection":[{"href":"https:\/\/www.domsvitania.sk\/index.php?rest_route=\/wp\/v2\/posts"}],"about":[{"href":"https:\/\/www.domsvitania.sk\/index.php?rest_route=\/wp\/v2\/types\/post"}],"author":[{"embeddable":true,"href":"https:\/\/www.domsvitania.sk\/index.php?rest_route=\/wp\/v2\/users\/1"}],"replies":[{"embeddable":true,"href":"https:\/\/www.domsvitania.sk\/index.php?rest_route=%2Fwp%2Fv2%2Fcomments&post=101"}],"version-history":[{"count":2,"href":"https:\/\/www.domsvitania.sk\/index.php?rest_route=\/wp\/v2\/posts\/101\/revisions"}],"predecessor-version":[{"id":1076,"href":"https:\/\/www.domsvitania.sk\/index.php?rest_route=\/wp\/v2\/posts\/101\/revisions\/1076"}],"wp:featuredmedia":[{"embeddable":true,"href":"https:\/\/www.domsvitania.sk\/index.php?rest_route=\/wp\/v2\/media\/1077"}],"wp:attachment":[{"href":"https:\/\/www.domsvitania.sk\/index.php?rest_route=%2Fwp%2Fv2%2Fmedia&parent=101"}],"wp:term":[{"taxonomy":"category","embeddable":true,"href":"https:\/\/www.domsvitania.sk\/index.php?rest_route=%2Fwp%2Fv2%2Fcategories&post=101"},{"taxonomy":"post_tag","embeddable":true,"href":"https:\/\/www.domsvitania.sk\/index.php?rest_route=%2Fwp%2Fv2%2Ftags&post=101"}],"curies":[{"name":"wp","href":"https:\/\/api.w.org\/{rel}","templated":true}]}}