{"id":110,"date":"2014-07-03T12:02:21","date_gmt":"2014-07-03T10:02:21","guid":{"rendered":"https:\/\/wp.domsvitania.sk\/?p=110"},"modified":"2025-02-28T14:22:39","modified_gmt":"2025-02-28T13:22:39","slug":"dmag","status":"publish","type":"post","link":"https:\/\/www.domsvitania.sk\/?p=110","title":{"rendered":"De\u0148 m\u00faze\u00ed a gal\u00e9ri\u00ed"},"content":{"rendered":"<p style=\"text-align: justify;\">De\u0148 m\u00faze\u00ed a gal\u00e9ri\u00ed sa kon\u00e1 ka\u017edoro\u010dne 18.m\u00e1ja, tento rok bol v Malack\u00e1ch napl\u00e1novan\u00fd na piatok 16. m\u00e1ja. V tento de\u0148 ve\u013emi pr\u0161alo, f\u00fakalo a bolo chladno, preto sme na prehliadku, program a z\u00e1rove\u0148 aj predaj ne\u0161li v\u0161etci, ale iba \u013dubko s Ani\u010dkou. Pri\u0161lo len p\u00e1r \u013eud\u00ed a program bol zru\u0161en\u00fd, ale na\u0161i aspo\u0148 nie\u010do odprezentovali a predali.<\/p>\n<p><span style=\"color: #555555; font-family: Arial, Helvetica, sans-serif; font-size: 14px; line-height: 21px;\"><div class=\"fg_gallery\">\n<div class=\"fg_thumbnail\" style=\"width:166px;margin:0px 5px 5px 0px;\">\n<a title=\"My Gallery (1\/3)\" href=\"https:\/\/www.domsvitania.sk\/images\/2014DMaG_1\/P1200920.jpg\"><img decoding=\"async\" src=\"https:\/\/www.domsvitania.sk\/images\/2014DMaG_1\/cache_160x0\/p1200920.jpg\" style=\"width:160px;margin:0;padding:2px;border-width:1px;\" alt=\"My Gallery (1\/3)\" \/><\/a><\/div>\n<div class=\"fg_thumbnail\" style=\"width:166px;margin:0px 5px 5px 0px;\">\n<a title=\"My Gallery (2\/3)\" href=\"https:\/\/www.domsvitania.sk\/images\/2014DMaG_1\/P1200930.jpg\"><img decoding=\"async\" src=\"https:\/\/www.domsvitania.sk\/images\/2014DMaG_1\/cache_160x0\/p1200930.jpg\" style=\"width:160px;margin:0;padding:2px;border-width:1px;\" alt=\"My Gallery (2\/3)\" \/><\/a><\/div>\n<div class=\"fg_thumbnail\" style=\"width:166px;margin:0px 5px 5px 0px;\">\n<a title=\"My Gallery (3\/3)\" href=\"https:\/\/www.domsvitania.sk\/images\/2014DMaG_1\/P1200931.jpg\"><img decoding=\"async\" src=\"https:\/\/www.domsvitania.sk\/images\/2014DMaG_1\/cache_160x0\/p1200931.jpg\" style=\"width:160px;margin:0;padding:2px;border-width:1px;\" alt=\"My Gallery (3\/3)\" \/><\/a><\/div><br style=\"clear: both\" \/>\n<\/div>\n\u00a0<\/span><\/p>\n<p><!--more--><\/p>\n<p style=\"text-align: justify;\"><span style=\"line-height: 1.3em;\">Ke\u010f\u017ee sme \u00a0sa chceli o Malack\u00e1ch dozvedie\u0165 nie\u010do nov\u00e9 a na De\u0148 m\u00faze\u00ed a gal\u00e9ri\u00ed n\u00e1m to nevy\u0161lo, urobili sme si n\u00e1hradn\u00fd program 6.6.2014.\u00a0<\/span><\/p>\n<p style=\"text-align: justify;\">V tento de\u0148 sme od r\u00e1na norm\u00e1lne pracovali, naobedovali sme sa a i\u0161li sme na autobus. Vyst\u00fapili sme pri Dolnom kostole, p\u00e1n Martin Macejka pri\u0161iel pre n\u00e1s na zast\u00e1vku a zobral n\u00e1s do MCK. Najprv sme si pozreli v\u00fdstavu obrazov Milana Hrubo\u0161a, mne sa najviac p\u00e1\u010dili kone. Potom sme e\u0161te i\u0161li hore do m\u00fazea, tam sa mi najviac p\u00e1\u010dila star\u00e1 \u017eehli\u010dka. V\u0161etci sme sa podp\u00edsali do knihy n\u00e1v\u0161tev a pomaly sme i\u0161li von. Tu n\u00e1s u\u017e \u010dakala Ani\u010dka aj s malou Evi\u010dkou. Evi\u010dka spinkala v ko\u010d\u00edku a prespala cel\u00fd \u010das, \u010do sme boli v\u0161etci spolu. Vonku pred MCK sme si urobili spolo\u010dn\u00fa fotku a hne\u010f sme sa presunuli na prehliadku cintor\u00edna. Ja som ve\u013ea fotila v\u00fdznamn\u00e9 hroby, napr. \u013duda Z\u00fabka. P\u00e1n Macejka n\u00e1m poukazoval hroby franti\u0161k\u00e1nov, vojakov, samovrahov, det\u00ed, v\u00fdznamn\u00fdch \u013eud\u00ed. O v\u0161etkom n\u00e1m porozpr\u00e1val ve\u013ea zauj\u00edmav\u00fdch inform\u00e1ci\u00ed. Uk\u00e1zal n\u00e1m aj najstar\u0161\u00ed hrob, vz\u00e1cne \u017eelezn\u00e9 kr\u00ed\u017ee, sochy, star\u00e9 hrobky.<\/p>\n<p style=\"text-align: justify;\">Po prehliadke cintor\u00edna sme e\u0161te i\u0161li k Doln\u00e9mu kostolu, o \u0148om sme sa dozvedeli tie\u017e p\u00e1r inform\u00e1ci\u00ed a mo\u017eno nabud\u00face si ho p\u00f4jdeme pozrie\u0165 aj zvn\u00fatra. Aspo\u0148 m\u00e1me nejak\u00e9 pl\u00e1ny do bud\u00facna.<\/p>\n<p style=\"text-align: justify;\">Tak\u00e9to prehliadky m\u00e1m ve\u013emi rada, dozvieme sa nov\u00e9 zauj\u00edmav\u00e9 veci o meste, v ktorom v\u00e4\u010d\u0161ina z n\u00e1s b\u00fdva a u\u010d\u00edme sa a spozn\u00e1vame nov\u00e9 veci. To je pre n\u00e1s ve\u013emi dobr\u00e9.<\/p>\n<p>Kamilka<\/p>\n<p><span style=\"color: #555555; font-family: Arial, Helvetica, sans-serif; font-size: 14px; line-height: 21px;\"><div class=\"fg_gallery\">\n<div class=\"fg_thumbnail\" style=\"width:166px;margin:0px 5px 5px 0px;\">\n<a title=\"My Gallery (1\/8)\" href=\"https:\/\/www.domsvitania.sk\/images\/2014DMaG_2\/IMG_0697.jpg\"><img decoding=\"async\" src=\"https:\/\/www.domsvitania.sk\/images\/2014DMaG_2\/cache_160x0\/img_0697.jpg\" style=\"width:160px;margin:0;padding:2px;border-width:1px;\" alt=\"My Gallery (1\/8)\" \/><\/a><\/div>\n<div class=\"fg_thumbnail\" style=\"width:166px;margin:0px 5px 5px 0px;\">\n<a title=\"My Gallery (2\/8)\" href=\"https:\/\/www.domsvitania.sk\/images\/2014DMaG_2\/P1210130.jpg\"><img decoding=\"async\" src=\"https:\/\/www.domsvitania.sk\/images\/2014DMaG_2\/cache_160x0\/p1210130.jpg\" style=\"width:160px;margin:0;padding:2px;border-width:1px;\" alt=\"My Gallery (2\/8)\" \/><\/a><\/div>\n<div class=\"fg_thumbnail\" style=\"width:166px;margin:0px 5px 5px 0px;\">\n<a title=\"My Gallery (3\/8)\" href=\"https:\/\/www.domsvitania.sk\/images\/2014DMaG_2\/P1210140.jpg\"><img decoding=\"async\" src=\"https:\/\/www.domsvitania.sk\/images\/2014DMaG_2\/cache_160x0\/p1210140.jpg\" style=\"width:160px;margin:0;padding:2px;border-width:1px;\" alt=\"My Gallery (3\/8)\" \/><\/a><\/div>\n<div class=\"fg_thumbnail\" style=\"width:166px;margin:0px 5px 5px 0px;\">\n<a title=\"My Gallery (4\/8)\" href=\"https:\/\/www.domsvitania.sk\/images\/2014DMaG_2\/P1210147.jpg\"><img decoding=\"async\" src=\"https:\/\/www.domsvitania.sk\/images\/2014DMaG_2\/cache_160x0\/p1210147.jpg\" style=\"width:160px;margin:0;padding:2px;border-width:1px;\" alt=\"My Gallery (4\/8)\" \/><\/a><\/div>\n<div class=\"fg_thumbnail\" style=\"width:166px;margin:0px 5px 5px 0px;\">\n<a title=\"My Gallery (5\/8)\" href=\"https:\/\/www.domsvitania.sk\/images\/2014DMaG_2\/P1210159.jpg\"><img decoding=\"async\" src=\"https:\/\/www.domsvitania.sk\/images\/2014DMaG_2\/cache_160x0\/p1210159.jpg\" style=\"width:160px;margin:0;padding:2px;border-width:1px;\" alt=\"My Gallery (5\/8)\" \/><\/a><\/div>\n<div class=\"fg_thumbnail\" style=\"width:166px;margin:0px 5px 5px 0px;\">\n<a title=\"My Gallery (6\/8)\" href=\"https:\/\/www.domsvitania.sk\/images\/2014DMaG_2\/P1210169.jpg\"><img decoding=\"async\" src=\"https:\/\/www.domsvitania.sk\/images\/2014DMaG_2\/cache_160x0\/p1210169.jpg\" style=\"width:160px;margin:0;padding:2px;border-width:1px;\" alt=\"My Gallery (6\/8)\" \/><\/a><\/div>\n<div class=\"fg_thumbnail\" style=\"width:166px;margin:0px 5px 5px 0px;\">\n<a title=\"My Gallery (7\/8)\" href=\"https:\/\/www.domsvitania.sk\/images\/2014DMaG_2\/P1210181.jpg\"><img decoding=\"async\" src=\"https:\/\/www.domsvitania.sk\/images\/2014DMaG_2\/cache_160x0\/p1210181.jpg\" style=\"width:160px;margin:0;padding:2px;border-width:1px;\" alt=\"My Gallery (7\/8)\" \/><\/a><\/div>\n<div class=\"fg_thumbnail\" style=\"width:166px;margin:0px 5px 5px 0px;\">\n<a title=\"My Gallery (8\/8)\" href=\"https:\/\/www.domsvitania.sk\/images\/2014DMaG_2\/ZIMG_0696a.jpg\"><img decoding=\"async\" src=\"https:\/\/www.domsvitania.sk\/images\/2014DMaG_2\/cache_160x0\/zimg_0696a.jpg\" style=\"width:160px;margin:0;padding:2px;border-width:1px;\" alt=\"My Gallery (8\/8)\" \/><\/a><\/div><br style=\"clear: both\" \/>\n<\/div>\n<\/span><\/p>\n","protected":false},"excerpt":{"rendered":"<p>De\u0148 m\u00faze\u00ed a gal\u00e9ri\u00ed sa kon\u00e1 ka\u017edoro\u010dne 18.m\u00e1ja, tento rok bol v Malack\u00e1ch napl\u00e1novan\u00fd na piatok 16. m\u00e1ja. V tento de\u0148 ve\u013emi pr\u0161alo, f\u00fakalo a bolo chladno, preto sme na prehliadku, program a z\u00e1rove\u0148 aj predaj ne\u0161li v\u0161etci, ale iba \u013dubko s Ani\u010dkou. Pri\u0161lo len p\u00e1r \u013eud\u00ed a program bol zru\u0161en\u00fd, ale na\u0161i aspo\u0148 nie\u010do&#8230;<\/p>\n","protected":false},"author":1,"featured_media":1063,"comment_status":"open","ping_status":"open","sticky":false,"template":"","format":"standard","meta":{"_kad_post_transparent":"","_kad_post_title":"","_kad_post_layout":"","_kad_post_sidebar_id":"","_kad_post_content_style":"","_kad_post_vertical_padding":"","_kad_post_feature":"","_kad_post_feature_position":"","_kad_post_header":false,"_kad_post_footer":false,"_kad_post_classname":"","_jetpack_memberships_contains_paid_content":false,"footnotes":""},"categories":[57],"tags":[],"class_list":["post-110","post","type-post","status-publish","format-standard","has-post-thumbnail","hentry","category-archiv"],"yoast_head":"<!-- This site is optimized with the Yoast SEO plugin v26.7 - https:\/\/yoast.com\/wordpress\/plugins\/seo\/ -->\n<title>De\u0148 m\u00faze\u00ed a gal\u00e9ri\u00ed - Dom Svitania<\/title>\n<meta name=\"robots\" content=\"index, follow, max-snippet:-1, max-image-preview:large, max-video-preview:-1\" \/>\n<link rel=\"canonical\" href=\"https:\/\/www.domsvitania.sk\/?p=110\" \/>\n<meta property=\"og:locale\" content=\"sk_SK\" \/>\n<meta property=\"og:type\" content=\"article\" \/>\n<meta property=\"og:title\" content=\"De\u0148 m\u00faze\u00ed a gal\u00e9ri\u00ed - Dom Svitania\" \/>\n<meta property=\"og:description\" content=\"De\u0148 m\u00faze\u00ed a gal\u00e9ri\u00ed sa kon\u00e1 ka\u017edoro\u010dne 18.m\u00e1ja, tento rok bol v Malack\u00e1ch napl\u00e1novan\u00fd na piatok 16. m\u00e1ja. V tento de\u0148 ve\u013emi pr\u0161alo, f\u00fakalo a bolo chladno, preto sme na prehliadku, program a z\u00e1rove\u0148 aj predaj ne\u0161li v\u0161etci, ale iba \u013dubko s Ani\u010dkou. Pri\u0161lo len p\u00e1r \u013eud\u00ed a program bol zru\u0161en\u00fd, ale na\u0161i aspo\u0148 nie\u010do...\" \/>\n<meta property=\"og:url\" content=\"https:\/\/www.domsvitania.sk\/?p=110\" \/>\n<meta property=\"og:site_name\" content=\"Dom Svitania\" \/>\n<meta property=\"article:publisher\" content=\"https:\/\/www.facebook.com\/domsvitaniask\" \/>\n<meta property=\"article:published_time\" content=\"2014-07-03T10:02:21+00:00\" \/>\n<meta property=\"article:modified_time\" content=\"2025-02-28T13:22:39+00:00\" \/>\n<meta property=\"og:image\" content=\"https:\/\/www.domsvitania.sk\/wp-content\/uploads\/2014\/07\/P1210147-e1674412543954.jpg\" \/>\n\t<meta property=\"og:image:width\" content=\"640\" \/>\n\t<meta property=\"og:image:height\" content=\"280\" \/>\n\t<meta property=\"og:image:type\" content=\"image\/jpeg\" \/>\n<meta name=\"author\" content=\"admin\" \/>\n<meta name=\"twitter:card\" content=\"summary_large_image\" \/>\n<meta name=\"twitter:label1\" content=\"Autor\" \/>\n\t<meta name=\"twitter:data1\" content=\"admin\" \/>\n\t<meta name=\"twitter:label2\" content=\"Predpokladan\u00fd \u010das \u010d\u00edtania\" \/>\n\t<meta name=\"twitter:data2\" content=\"2 min\u00faty\" \/>\n<script type=\"application\/ld+json\" class=\"yoast-schema-graph\">{\"@context\":\"https:\/\/schema.org\",\"@graph\":[{\"@type\":\"Article\",\"@id\":\"https:\/\/www.domsvitania.sk\/?p=110#article\",\"isPartOf\":{\"@id\":\"https:\/\/www.domsvitania.sk\/?p=110\"},\"author\":{\"name\":\"admin\",\"@id\":\"https:\/\/www.domsvitania.sk\/#\/schema\/person\/0044dcfade948b8ffe79692cb498c42e\"},\"headline\":\"De\u0148 m\u00faze\u00ed a gal\u00e9ri\u00ed\",\"datePublished\":\"2014-07-03T10:02:21+00:00\",\"dateModified\":\"2025-02-28T13:22:39+00:00\",\"mainEntityOfPage\":{\"@id\":\"https:\/\/www.domsvitania.sk\/?p=110\"},\"wordCount\":409,\"commentCount\":0,\"publisher\":{\"@id\":\"https:\/\/www.domsvitania.sk\/#organization\"},\"image\":{\"@id\":\"https:\/\/www.domsvitania.sk\/?p=110#primaryimage\"},\"thumbnailUrl\":\"https:\/\/www.domsvitania.sk\/wp-content\/uploads\/2014\/07\/P1210147-e1674412543954.jpg\",\"articleSection\":[\"Archiv\"],\"inLanguage\":\"sk-SK\",\"potentialAction\":[{\"@type\":\"CommentAction\",\"name\":\"Comment\",\"target\":[\"https:\/\/www.domsvitania.sk\/?p=110#respond\"]}]},{\"@type\":\"WebPage\",\"@id\":\"https:\/\/www.domsvitania.sk\/?p=110\",\"url\":\"https:\/\/www.domsvitania.sk\/?p=110\",\"name\":\"De\u0148 m\u00faze\u00ed a gal\u00e9ri\u00ed - Dom Svitania\",\"isPartOf\":{\"@id\":\"https:\/\/www.domsvitania.sk\/#website\"},\"primaryImageOfPage\":{\"@id\":\"https:\/\/www.domsvitania.sk\/?p=110#primaryimage\"},\"image\":{\"@id\":\"https:\/\/www.domsvitania.sk\/?p=110#primaryimage\"},\"thumbnailUrl\":\"https:\/\/www.domsvitania.sk\/wp-content\/uploads\/2014\/07\/P1210147-e1674412543954.jpg\",\"datePublished\":\"2014-07-03T10:02:21+00:00\",\"dateModified\":\"2025-02-28T13:22:39+00:00\",\"breadcrumb\":{\"@id\":\"https:\/\/www.domsvitania.sk\/?p=110#breadcrumb\"},\"inLanguage\":\"sk-SK\",\"potentialAction\":[{\"@type\":\"ReadAction\",\"target\":[\"https:\/\/www.domsvitania.sk\/?p=110\"]}]},{\"@type\":\"ImageObject\",\"inLanguage\":\"sk-SK\",\"@id\":\"https:\/\/www.domsvitania.sk\/?p=110#primaryimage\",\"url\":\"https:\/\/www.domsvitania.sk\/wp-content\/uploads\/2014\/07\/P1210147-e1674412543954.jpg\",\"contentUrl\":\"https:\/\/www.domsvitania.sk\/wp-content\/uploads\/2014\/07\/P1210147-e1674412543954.jpg\",\"width\":640,\"height\":280},{\"@type\":\"BreadcrumbList\",\"@id\":\"https:\/\/www.domsvitania.sk\/?p=110#breadcrumb\",\"itemListElement\":[{\"@type\":\"ListItem\",\"position\":1,\"name\":\"Domovsk\u00e1 str\u00e1nka\",\"item\":\"https:\/\/www.domsvitania.sk\/\"},{\"@type\":\"ListItem\",\"position\":2,\"name\":\"De\u0148 m\u00faze\u00ed a gal\u00e9ri\u00ed\"}]},{\"@type\":\"WebSite\",\"@id\":\"https:\/\/www.domsvitania.sk\/#website\",\"url\":\"https:\/\/www.domsvitania.sk\/\",\"name\":\"Dom Svitania\",\"description\":\"Rehabilita\u010dn\u00e9 stredisko a chr\u00e1nen\u00e1 diel\u0148a\",\"publisher\":{\"@id\":\"https:\/\/www.domsvitania.sk\/#organization\"},\"potentialAction\":[{\"@type\":\"SearchAction\",\"target\":{\"@type\":\"EntryPoint\",\"urlTemplate\":\"https:\/\/www.domsvitania.sk\/?s={search_term_string}\"},\"query-input\":{\"@type\":\"PropertyValueSpecification\",\"valueRequired\":true,\"valueName\":\"search_term_string\"}}],\"inLanguage\":\"sk-SK\"},{\"@type\":\"Organization\",\"@id\":\"https:\/\/www.domsvitania.sk\/#organization\",\"name\":\"Dom Svitania, n.o.\",\"url\":\"https:\/\/www.domsvitania.sk\/\",\"logo\":{\"@type\":\"ImageObject\",\"inLanguage\":\"sk-SK\",\"@id\":\"https:\/\/www.domsvitania.sk\/#\/schema\/logo\/image\/\",\"url\":\"https:\/\/www.domsvitania.sk\/wp-content\/uploads\/2023\/01\/dom_svitania_logo.jpg\",\"contentUrl\":\"https:\/\/www.domsvitania.sk\/wp-content\/uploads\/2023\/01\/dom_svitania_logo.jpg\",\"width\":243,\"height\":208,\"caption\":\"Dom Svitania, n.o.\"},\"image\":{\"@id\":\"https:\/\/www.domsvitania.sk\/#\/schema\/logo\/image\/\"},\"sameAs\":[\"https:\/\/www.facebook.com\/domsvitaniask\",\"https:\/\/www.instagram.com\/domsvitania\"]},{\"@type\":\"Person\",\"@id\":\"https:\/\/www.domsvitania.sk\/#\/schema\/person\/0044dcfade948b8ffe79692cb498c42e\",\"name\":\"admin\",\"image\":{\"@type\":\"ImageObject\",\"inLanguage\":\"sk-SK\",\"@id\":\"https:\/\/www.domsvitania.sk\/#\/schema\/person\/image\/\",\"url\":\"https:\/\/secure.gravatar.com\/avatar\/53ef7be8d1b92131e110e2a3f8fb8762d6e8986f8fd1802949720b8250706630?s=96&d=mm&r=g\",\"contentUrl\":\"https:\/\/secure.gravatar.com\/avatar\/53ef7be8d1b92131e110e2a3f8fb8762d6e8986f8fd1802949720b8250706630?s=96&d=mm&r=g\",\"caption\":\"admin\"},\"sameAs\":[\"http:\/\/wp.domsvitania.sk\"],\"url\":\"https:\/\/www.domsvitania.sk\/?author=1\"}]}<\/script>\n<!-- \/ Yoast SEO plugin. -->","yoast_head_json":{"title":"De\u0148 m\u00faze\u00ed a gal\u00e9ri\u00ed - Dom Svitania","robots":{"index":"index","follow":"follow","max-snippet":"max-snippet:-1","max-image-preview":"max-image-preview:large","max-video-preview":"max-video-preview:-1"},"canonical":"https:\/\/www.domsvitania.sk\/?p=110","og_locale":"sk_SK","og_type":"article","og_title":"De\u0148 m\u00faze\u00ed a gal\u00e9ri\u00ed - Dom Svitania","og_description":"De\u0148 m\u00faze\u00ed a gal\u00e9ri\u00ed sa kon\u00e1 ka\u017edoro\u010dne 18.m\u00e1ja, tento rok bol v Malack\u00e1ch napl\u00e1novan\u00fd na piatok 16. m\u00e1ja. V tento de\u0148 ve\u013emi pr\u0161alo, f\u00fakalo a bolo chladno, preto sme na prehliadku, program a z\u00e1rove\u0148 aj predaj ne\u0161li v\u0161etci, ale iba \u013dubko s Ani\u010dkou. Pri\u0161lo len p\u00e1r \u013eud\u00ed a program bol zru\u0161en\u00fd, ale na\u0161i aspo\u0148 nie\u010do...","og_url":"https:\/\/www.domsvitania.sk\/?p=110","og_site_name":"Dom Svitania","article_publisher":"https:\/\/www.facebook.com\/domsvitaniask","article_published_time":"2014-07-03T10:02:21+00:00","article_modified_time":"2025-02-28T13:22:39+00:00","og_image":[{"width":640,"height":280,"url":"https:\/\/www.domsvitania.sk\/wp-content\/uploads\/2014\/07\/P1210147-e1674412543954.jpg","type":"image\/jpeg"}],"author":"admin","twitter_card":"summary_large_image","twitter_misc":{"Autor":"admin","Predpokladan\u00fd \u010das \u010d\u00edtania":"2 min\u00faty"},"schema":{"@context":"https:\/\/schema.org","@graph":[{"@type":"Article","@id":"https:\/\/www.domsvitania.sk\/?p=110#article","isPartOf":{"@id":"https:\/\/www.domsvitania.sk\/?p=110"},"author":{"name":"admin","@id":"https:\/\/www.domsvitania.sk\/#\/schema\/person\/0044dcfade948b8ffe79692cb498c42e"},"headline":"De\u0148 m\u00faze\u00ed a gal\u00e9ri\u00ed","datePublished":"2014-07-03T10:02:21+00:00","dateModified":"2025-02-28T13:22:39+00:00","mainEntityOfPage":{"@id":"https:\/\/www.domsvitania.sk\/?p=110"},"wordCount":409,"commentCount":0,"publisher":{"@id":"https:\/\/www.domsvitania.sk\/#organization"},"image":{"@id":"https:\/\/www.domsvitania.sk\/?p=110#primaryimage"},"thumbnailUrl":"https:\/\/www.domsvitania.sk\/wp-content\/uploads\/2014\/07\/P1210147-e1674412543954.jpg","articleSection":["Archiv"],"inLanguage":"sk-SK","potentialAction":[{"@type":"CommentAction","name":"Comment","target":["https:\/\/www.domsvitania.sk\/?p=110#respond"]}]},{"@type":"WebPage","@id":"https:\/\/www.domsvitania.sk\/?p=110","url":"https:\/\/www.domsvitania.sk\/?p=110","name":"De\u0148 m\u00faze\u00ed a gal\u00e9ri\u00ed - Dom Svitania","isPartOf":{"@id":"https:\/\/www.domsvitania.sk\/#website"},"primaryImageOfPage":{"@id":"https:\/\/www.domsvitania.sk\/?p=110#primaryimage"},"image":{"@id":"https:\/\/www.domsvitania.sk\/?p=110#primaryimage"},"thumbnailUrl":"https:\/\/www.domsvitania.sk\/wp-content\/uploads\/2014\/07\/P1210147-e1674412543954.jpg","datePublished":"2014-07-03T10:02:21+00:00","dateModified":"2025-02-28T13:22:39+00:00","breadcrumb":{"@id":"https:\/\/www.domsvitania.sk\/?p=110#breadcrumb"},"inLanguage":"sk-SK","potentialAction":[{"@type":"ReadAction","target":["https:\/\/www.domsvitania.sk\/?p=110"]}]},{"@type":"ImageObject","inLanguage":"sk-SK","@id":"https:\/\/www.domsvitania.sk\/?p=110#primaryimage","url":"https:\/\/www.domsvitania.sk\/wp-content\/uploads\/2014\/07\/P1210147-e1674412543954.jpg","contentUrl":"https:\/\/www.domsvitania.sk\/wp-content\/uploads\/2014\/07\/P1210147-e1674412543954.jpg","width":640,"height":280},{"@type":"BreadcrumbList","@id":"https:\/\/www.domsvitania.sk\/?p=110#breadcrumb","itemListElement":[{"@type":"ListItem","position":1,"name":"Domovsk\u00e1 str\u00e1nka","item":"https:\/\/www.domsvitania.sk\/"},{"@type":"ListItem","position":2,"name":"De\u0148 m\u00faze\u00ed a gal\u00e9ri\u00ed"}]},{"@type":"WebSite","@id":"https:\/\/www.domsvitania.sk\/#website","url":"https:\/\/www.domsvitania.sk\/","name":"Dom Svitania","description":"Rehabilita\u010dn\u00e9 stredisko a chr\u00e1nen\u00e1 diel\u0148a","publisher":{"@id":"https:\/\/www.domsvitania.sk\/#organization"},"potentialAction":[{"@type":"SearchAction","target":{"@type":"EntryPoint","urlTemplate":"https:\/\/www.domsvitania.sk\/?s={search_term_string}"},"query-input":{"@type":"PropertyValueSpecification","valueRequired":true,"valueName":"search_term_string"}}],"inLanguage":"sk-SK"},{"@type":"Organization","@id":"https:\/\/www.domsvitania.sk\/#organization","name":"Dom Svitania, n.o.","url":"https:\/\/www.domsvitania.sk\/","logo":{"@type":"ImageObject","inLanguage":"sk-SK","@id":"https:\/\/www.domsvitania.sk\/#\/schema\/logo\/image\/","url":"https:\/\/www.domsvitania.sk\/wp-content\/uploads\/2023\/01\/dom_svitania_logo.jpg","contentUrl":"https:\/\/www.domsvitania.sk\/wp-content\/uploads\/2023\/01\/dom_svitania_logo.jpg","width":243,"height":208,"caption":"Dom Svitania, n.o."},"image":{"@id":"https:\/\/www.domsvitania.sk\/#\/schema\/logo\/image\/"},"sameAs":["https:\/\/www.facebook.com\/domsvitaniask","https:\/\/www.instagram.com\/domsvitania"]},{"@type":"Person","@id":"https:\/\/www.domsvitania.sk\/#\/schema\/person\/0044dcfade948b8ffe79692cb498c42e","name":"admin","image":{"@type":"ImageObject","inLanguage":"sk-SK","@id":"https:\/\/www.domsvitania.sk\/#\/schema\/person\/image\/","url":"https:\/\/secure.gravatar.com\/avatar\/53ef7be8d1b92131e110e2a3f8fb8762d6e8986f8fd1802949720b8250706630?s=96&d=mm&r=g","contentUrl":"https:\/\/secure.gravatar.com\/avatar\/53ef7be8d1b92131e110e2a3f8fb8762d6e8986f8fd1802949720b8250706630?s=96&d=mm&r=g","caption":"admin"},"sameAs":["http:\/\/wp.domsvitania.sk"],"url":"https:\/\/www.domsvitania.sk\/?author=1"}]}},"jetpack_featured_media_url":"https:\/\/www.domsvitania.sk\/wp-content\/uploads\/2014\/07\/P1210147-e1674412543954.jpg","jetpack_sharing_enabled":true,"_links":{"self":[{"href":"https:\/\/www.domsvitania.sk\/index.php?rest_route=\/wp\/v2\/posts\/110","targetHints":{"allow":["GET"]}}],"collection":[{"href":"https:\/\/www.domsvitania.sk\/index.php?rest_route=\/wp\/v2\/posts"}],"about":[{"href":"https:\/\/www.domsvitania.sk\/index.php?rest_route=\/wp\/v2\/types\/post"}],"author":[{"embeddable":true,"href":"https:\/\/www.domsvitania.sk\/index.php?rest_route=\/wp\/v2\/users\/1"}],"replies":[{"embeddable":true,"href":"https:\/\/www.domsvitania.sk\/index.php?rest_route=%2Fwp%2Fv2%2Fcomments&post=110"}],"version-history":[{"count":2,"href":"https:\/\/www.domsvitania.sk\/index.php?rest_route=\/wp\/v2\/posts\/110\/revisions"}],"predecessor-version":[{"id":1062,"href":"https:\/\/www.domsvitania.sk\/index.php?rest_route=\/wp\/v2\/posts\/110\/revisions\/1062"}],"wp:featuredmedia":[{"embeddable":true,"href":"https:\/\/www.domsvitania.sk\/index.php?rest_route=\/wp\/v2\/media\/1063"}],"wp:attachment":[{"href":"https:\/\/www.domsvitania.sk\/index.php?rest_route=%2Fwp%2Fv2%2Fmedia&parent=110"}],"wp:term":[{"taxonomy":"category","embeddable":true,"href":"https:\/\/www.domsvitania.sk\/index.php?rest_route=%2Fwp%2Fv2%2Fcategories&post=110"},{"taxonomy":"post_tag","embeddable":true,"href":"https:\/\/www.domsvitania.sk\/index.php?rest_route=%2Fwp%2Fv2%2Ftags&post=110"}],"curies":[{"name":"wp","href":"https:\/\/api.w.org\/{rel}","templated":true}]}}