{"id":113,"date":"2014-07-24T10:58:54","date_gmt":"2014-07-24T08:58:54","guid":{"rendered":"https:\/\/wp.domsvitania.sk\/?p=113"},"modified":"2025-02-28T14:22:17","modified_gmt":"2025-02-28T13:22:17","slug":"vzacna-navsteva-z-nemecka","status":"publish","type":"post","link":"https:\/\/www.domsvitania.sk\/?p=113","title":{"rendered":"Vz\u00e1cna n\u00e1v\u0161teva z Nemecka"},"content":{"rendered":"<p style=\"text-align: justify;\"><span style=\"font-size: 12.0pt; line-height: 115%; font-family: 'Times New Roman','serif'; mso-fareast-font-family: Calibri; mso-fareast-theme-font: minor-latin; mso-ansi-language: SK; mso-fareast-language: EN-US; mso-bidi-language: AR-SA;\">V stredu 16.7. 2014\u00a0 n\u00e1m pani riadite\u013eka pripravila prekvapenie. Pri\u0161la n\u00e1v\u0161teva a\u00a0my v\u0161etci sme h\u00e1dali, kto by to mohol by\u0165.<\/span><\/p>\n<p style=\"text-align: justify;\"><span style=\"font-size: 12.0pt; line-height: 115%; font-family: 'Times New Roman','serif'; mso-fareast-font-family: Calibri; mso-fareast-theme-font: minor-latin; mso-ansi-language: SK; mso-fareast-language: EN-US; mso-bidi-language: AR-SA;\"><div class=\"fg_gallery\">\n<div class=\"fg_thumbnail\" style=\"width:166px;margin:0px 5px 5px 0px;\">\n<a title=\"My Gallery (1\/2)\" href=\"https:\/\/www.domsvitania.sk\/images\/2014Katka\/IMG_0017.JPG\"><img decoding=\"async\" src=\"https:\/\/www.domsvitania.sk\/images\/2014Katka\/cache_160x0\/img_0017.jpg\" style=\"width:160px;margin:0;padding:2px;border-width:1px;\" alt=\"My Gallery (1\/2)\" \/><\/a><\/div>\n<div class=\"fg_thumbnail\" style=\"width:166px;margin:0px 5px 5px 0px;\">\n<a title=\"My Gallery (2\/2)\" href=\"https:\/\/www.domsvitania.sk\/images\/2014Katka\/IMG_0018.JPG\"><img decoding=\"async\" src=\"https:\/\/www.domsvitania.sk\/images\/2014Katka\/cache_160x0\/img_0018.jpg\" style=\"width:160px;margin:0;padding:2px;border-width:1px;\" alt=\"My Gallery (2\/2)\" \/><\/a><\/div><br style=\"clear: both\" \/>\n<\/div>\n\u00a0<\/span><\/p>\n<p><!--more--><\/p>\n<p class=\"MsoNormal\" style=\"text-align: justify;\"><span style=\"font-size: 12.0pt; line-height: 115%; font-family: 'Times New Roman','serif';\">Nakoniec sme spolo\u010dn\u00fdmi silami pri\u0161li na to, \u017ee je to Katka, dobrovo\u013en\u00ed\u010dka z Nemecka s\u00a0priate\u013eom Thomasom. Dom Svitania bol pre \u0148u u\u017e dobre zn\u00e1me prostredie, preto\u017ee tu p\u00f4sobila ako dobrovo\u013en\u00ed\u010dka pred 10 rokmi. Bola zvedav\u00e1, \u010do sa zmenilo v na\u0161ej chr\u00e1nenej dielni. Porozpr\u00e1vala novinky o\u00a0svojom vlastnom \u017eivote. Priniesli n\u00e1m aj nie\u010do sladk\u00e9.<\/span><\/p>\n<p class=\"MsoNormal\" style=\"text-align: justify;\"><span style=\"font-family: 'Times New Roman', serif; font-size: 12pt; line-height: 115%;\">Zhodnotila by som to ako pr\u00edjemn\u00e9 predpolud\u0148aj\u0161ie posedenie. Nesk\u00f4r sme sa vr\u00e1tili na miesta, kde pracujeme a\u00a0prezentovali sme im v\u00fdrobky v\u00a0jednotliv\u00fdch diel\u0148ach a\u00a0pr\u00edpadne vysvetlili a\u00a0uk\u00e1zali proces v\u00fdroby niektor\u00fdch produktov. \u00a0\u00a0<\/span><\/p>\n<p style=\"text-align: justify;\">\n<p class=\"MsoNormal\" style=\"text-align: justify;\"><strong><span style=\"font-size: 12.0pt; line-height: 115%; font-family: 'Times New Roman','serif';\">Pa\u0165ka\u00a0\u00a0\u00a0 \u00a0\u00a0<\/span><\/strong><\/p>\n<p style=\"text-align: justify;\">\u00a0<span style=\"line-height: 1.3em;\">\u00a0<\/span><\/p>\n<p class=\"MsoNormal\" style=\"text-align: justify;\"><span style=\"font-size: 12.0pt; line-height: 115%; font-family: 'Times New Roman','serif';\">Pracujem tu dlho a\u00a0pozn\u00e1m Katku. Pracovala v\u00a0Dome Svitania ako dobrovo\u013en\u00ed\u010dka 12 mesiacov, ale to u\u017e bolo d\u00e1vno, asi pred desiatimi rokmi. Katka bola mil\u00e1, kamar\u00e1tska a\u00a0vedela poradi\u0165 \u010di vo vytv\u00e1ran\u00ed poh\u013eadn\u00edc alebo aj v\u00a0pr\u00e1ci u\u00a0kraj\u010d\u00edrok. Som rada, \u017ee som ju mohla znova vidie\u0165.<\/span><\/p>\n<p style=\"text-align: justify;\"><strong><span style=\"font-size: 12.0pt; line-height: 115%; font-family: 'Times New Roman','serif'; mso-fareast-font-family: Calibri; mso-fareast-theme-font: minor-latin; mso-ansi-language: SK; mso-fareast-language: EN-US; mso-bidi-language: AR-SA;\">Zdenka<\/span><\/strong><\/p>\n<p style=\"text-align: justify;\">\n","protected":false},"excerpt":{"rendered":"<p>V stredu 16.7. 2014\u00a0 n\u00e1m pani riadite\u013eka pripravila prekvapenie. Pri\u0161la n\u00e1v\u0161teva a\u00a0my v\u0161etci sme h\u00e1dali, kto by to mohol by\u0165. \u00a0<\/p>\n","protected":false},"author":1,"featured_media":1055,"comment_status":"open","ping_status":"open","sticky":false,"template":"","format":"standard","meta":{"_kad_post_transparent":"","_kad_post_title":"","_kad_post_layout":"","_kad_post_sidebar_id":"","_kad_post_content_style":"","_kad_post_vertical_padding":"","_kad_post_feature":"","_kad_post_feature_position":"","_kad_post_header":false,"_kad_post_footer":false,"_kad_post_classname":"","_jetpack_memberships_contains_paid_content":false,"footnotes":""},"categories":[57],"tags":[],"class_list":["post-113","post","type-post","status-publish","format-standard","has-post-thumbnail","hentry","category-archiv"],"yoast_head":"<!-- This site is optimized with the Yoast SEO plugin v26.7 - https:\/\/yoast.com\/wordpress\/plugins\/seo\/ -->\n<title>Vz\u00e1cna n\u00e1v\u0161teva z Nemecka - Dom Svitania<\/title>\n<meta name=\"robots\" content=\"index, follow, max-snippet:-1, max-image-preview:large, max-video-preview:-1\" \/>\n<link rel=\"canonical\" href=\"https:\/\/www.domsvitania.sk\/?p=113\" \/>\n<meta property=\"og:locale\" content=\"sk_SK\" \/>\n<meta property=\"og:type\" content=\"article\" \/>\n<meta property=\"og:title\" content=\"Vz\u00e1cna n\u00e1v\u0161teva z Nemecka - Dom Svitania\" \/>\n<meta property=\"og:description\" content=\"V stredu 16.7. 2014\u00a0 n\u00e1m pani riadite\u013eka pripravila prekvapenie. Pri\u0161la n\u00e1v\u0161teva a\u00a0my v\u0161etci sme h\u00e1dali, kto by to mohol by\u0165. \u00a0\" \/>\n<meta property=\"og:url\" content=\"https:\/\/www.domsvitania.sk\/?p=113\" \/>\n<meta property=\"og:site_name\" content=\"Dom Svitania\" \/>\n<meta property=\"article:publisher\" content=\"https:\/\/www.facebook.com\/domsvitaniask\" \/>\n<meta property=\"article:published_time\" content=\"2014-07-24T08:58:54+00:00\" \/>\n<meta property=\"article:modified_time\" content=\"2025-02-28T13:22:17+00:00\" \/>\n<meta property=\"og:image\" content=\"https:\/\/www.domsvitania.sk\/wp-content\/uploads\/2014\/07\/IMG_0017-e1674412317598.jpeg\" \/>\n\t<meta property=\"og:image:width\" content=\"700\" \/>\n\t<meta property=\"og:image:height\" content=\"456\" \/>\n\t<meta property=\"og:image:type\" content=\"image\/jpeg\" \/>\n<meta name=\"author\" content=\"admin\" \/>\n<meta name=\"twitter:card\" content=\"summary_large_image\" \/>\n<meta name=\"twitter:label1\" content=\"Autor\" \/>\n\t<meta name=\"twitter:data1\" content=\"admin\" \/>\n\t<meta name=\"twitter:label2\" content=\"Predpokladan\u00fd \u010das \u010d\u00edtania\" \/>\n\t<meta name=\"twitter:data2\" content=\"1 min\u00fata\" \/>\n<script type=\"application\/ld+json\" class=\"yoast-schema-graph\">{\"@context\":\"https:\/\/schema.org\",\"@graph\":[{\"@type\":\"Article\",\"@id\":\"https:\/\/www.domsvitania.sk\/?p=113#article\",\"isPartOf\":{\"@id\":\"https:\/\/www.domsvitania.sk\/?p=113\"},\"author\":{\"name\":\"admin\",\"@id\":\"https:\/\/www.domsvitania.sk\/#\/schema\/person\/0044dcfade948b8ffe79692cb498c42e\"},\"headline\":\"Vz\u00e1cna n\u00e1v\u0161teva z Nemecka\",\"datePublished\":\"2014-07-24T08:58:54+00:00\",\"dateModified\":\"2025-02-28T13:22:17+00:00\",\"mainEntityOfPage\":{\"@id\":\"https:\/\/www.domsvitania.sk\/?p=113\"},\"wordCount\":211,\"commentCount\":0,\"publisher\":{\"@id\":\"https:\/\/www.domsvitania.sk\/#organization\"},\"image\":{\"@id\":\"https:\/\/www.domsvitania.sk\/?p=113#primaryimage\"},\"thumbnailUrl\":\"https:\/\/www.domsvitania.sk\/wp-content\/uploads\/2014\/07\/IMG_0017-e1674412317598.jpeg\",\"articleSection\":[\"Archiv\"],\"inLanguage\":\"sk-SK\",\"potentialAction\":[{\"@type\":\"CommentAction\",\"name\":\"Comment\",\"target\":[\"https:\/\/www.domsvitania.sk\/?p=113#respond\"]}]},{\"@type\":\"WebPage\",\"@id\":\"https:\/\/www.domsvitania.sk\/?p=113\",\"url\":\"https:\/\/www.domsvitania.sk\/?p=113\",\"name\":\"Vz\u00e1cna n\u00e1v\u0161teva z Nemecka - Dom Svitania\",\"isPartOf\":{\"@id\":\"https:\/\/www.domsvitania.sk\/#website\"},\"primaryImageOfPage\":{\"@id\":\"https:\/\/www.domsvitania.sk\/?p=113#primaryimage\"},\"image\":{\"@id\":\"https:\/\/www.domsvitania.sk\/?p=113#primaryimage\"},\"thumbnailUrl\":\"https:\/\/www.domsvitania.sk\/wp-content\/uploads\/2014\/07\/IMG_0017-e1674412317598.jpeg\",\"datePublished\":\"2014-07-24T08:58:54+00:00\",\"dateModified\":\"2025-02-28T13:22:17+00:00\",\"breadcrumb\":{\"@id\":\"https:\/\/www.domsvitania.sk\/?p=113#breadcrumb\"},\"inLanguage\":\"sk-SK\",\"potentialAction\":[{\"@type\":\"ReadAction\",\"target\":[\"https:\/\/www.domsvitania.sk\/?p=113\"]}]},{\"@type\":\"ImageObject\",\"inLanguage\":\"sk-SK\",\"@id\":\"https:\/\/www.domsvitania.sk\/?p=113#primaryimage\",\"url\":\"https:\/\/www.domsvitania.sk\/wp-content\/uploads\/2014\/07\/IMG_0017-e1674412317598.jpeg\",\"contentUrl\":\"https:\/\/www.domsvitania.sk\/wp-content\/uploads\/2014\/07\/IMG_0017-e1674412317598.jpeg\",\"width\":700,\"height\":456},{\"@type\":\"BreadcrumbList\",\"@id\":\"https:\/\/www.domsvitania.sk\/?p=113#breadcrumb\",\"itemListElement\":[{\"@type\":\"ListItem\",\"position\":1,\"name\":\"Domovsk\u00e1 str\u00e1nka\",\"item\":\"https:\/\/www.domsvitania.sk\/\"},{\"@type\":\"ListItem\",\"position\":2,\"name\":\"Vz\u00e1cna n\u00e1v\u0161teva z Nemecka\"}]},{\"@type\":\"WebSite\",\"@id\":\"https:\/\/www.domsvitania.sk\/#website\",\"url\":\"https:\/\/www.domsvitania.sk\/\",\"name\":\"Dom Svitania\",\"description\":\"Rehabilita\u010dn\u00e9 stredisko a chr\u00e1nen\u00e1 diel\u0148a\",\"publisher\":{\"@id\":\"https:\/\/www.domsvitania.sk\/#organization\"},\"potentialAction\":[{\"@type\":\"SearchAction\",\"target\":{\"@type\":\"EntryPoint\",\"urlTemplate\":\"https:\/\/www.domsvitania.sk\/?s={search_term_string}\"},\"query-input\":{\"@type\":\"PropertyValueSpecification\",\"valueRequired\":true,\"valueName\":\"search_term_string\"}}],\"inLanguage\":\"sk-SK\"},{\"@type\":\"Organization\",\"@id\":\"https:\/\/www.domsvitania.sk\/#organization\",\"name\":\"Dom Svitania, n.o.\",\"url\":\"https:\/\/www.domsvitania.sk\/\",\"logo\":{\"@type\":\"ImageObject\",\"inLanguage\":\"sk-SK\",\"@id\":\"https:\/\/www.domsvitania.sk\/#\/schema\/logo\/image\/\",\"url\":\"https:\/\/www.domsvitania.sk\/wp-content\/uploads\/2023\/01\/dom_svitania_logo.jpg\",\"contentUrl\":\"https:\/\/www.domsvitania.sk\/wp-content\/uploads\/2023\/01\/dom_svitania_logo.jpg\",\"width\":243,\"height\":208,\"caption\":\"Dom Svitania, n.o.\"},\"image\":{\"@id\":\"https:\/\/www.domsvitania.sk\/#\/schema\/logo\/image\/\"},\"sameAs\":[\"https:\/\/www.facebook.com\/domsvitaniask\",\"https:\/\/www.instagram.com\/domsvitania\"]},{\"@type\":\"Person\",\"@id\":\"https:\/\/www.domsvitania.sk\/#\/schema\/person\/0044dcfade948b8ffe79692cb498c42e\",\"name\":\"admin\",\"image\":{\"@type\":\"ImageObject\",\"inLanguage\":\"sk-SK\",\"@id\":\"https:\/\/www.domsvitania.sk\/#\/schema\/person\/image\/\",\"url\":\"https:\/\/secure.gravatar.com\/avatar\/53ef7be8d1b92131e110e2a3f8fb8762d6e8986f8fd1802949720b8250706630?s=96&d=mm&r=g\",\"contentUrl\":\"https:\/\/secure.gravatar.com\/avatar\/53ef7be8d1b92131e110e2a3f8fb8762d6e8986f8fd1802949720b8250706630?s=96&d=mm&r=g\",\"caption\":\"admin\"},\"sameAs\":[\"http:\/\/wp.domsvitania.sk\"],\"url\":\"https:\/\/www.domsvitania.sk\/?author=1\"}]}<\/script>\n<!-- \/ Yoast SEO plugin. -->","yoast_head_json":{"title":"Vz\u00e1cna n\u00e1v\u0161teva z Nemecka - Dom Svitania","robots":{"index":"index","follow":"follow","max-snippet":"max-snippet:-1","max-image-preview":"max-image-preview:large","max-video-preview":"max-video-preview:-1"},"canonical":"https:\/\/www.domsvitania.sk\/?p=113","og_locale":"sk_SK","og_type":"article","og_title":"Vz\u00e1cna n\u00e1v\u0161teva z Nemecka - Dom Svitania","og_description":"V stredu 16.7. 2014\u00a0 n\u00e1m pani riadite\u013eka pripravila prekvapenie. Pri\u0161la n\u00e1v\u0161teva a\u00a0my v\u0161etci sme h\u00e1dali, kto by to mohol by\u0165. \u00a0","og_url":"https:\/\/www.domsvitania.sk\/?p=113","og_site_name":"Dom Svitania","article_publisher":"https:\/\/www.facebook.com\/domsvitaniask","article_published_time":"2014-07-24T08:58:54+00:00","article_modified_time":"2025-02-28T13:22:17+00:00","og_image":[{"width":700,"height":456,"url":"https:\/\/www.domsvitania.sk\/wp-content\/uploads\/2014\/07\/IMG_0017-e1674412317598.jpeg","type":"image\/jpeg"}],"author":"admin","twitter_card":"summary_large_image","twitter_misc":{"Autor":"admin","Predpokladan\u00fd \u010das \u010d\u00edtania":"1 min\u00fata"},"schema":{"@context":"https:\/\/schema.org","@graph":[{"@type":"Article","@id":"https:\/\/www.domsvitania.sk\/?p=113#article","isPartOf":{"@id":"https:\/\/www.domsvitania.sk\/?p=113"},"author":{"name":"admin","@id":"https:\/\/www.domsvitania.sk\/#\/schema\/person\/0044dcfade948b8ffe79692cb498c42e"},"headline":"Vz\u00e1cna n\u00e1v\u0161teva z Nemecka","datePublished":"2014-07-24T08:58:54+00:00","dateModified":"2025-02-28T13:22:17+00:00","mainEntityOfPage":{"@id":"https:\/\/www.domsvitania.sk\/?p=113"},"wordCount":211,"commentCount":0,"publisher":{"@id":"https:\/\/www.domsvitania.sk\/#organization"},"image":{"@id":"https:\/\/www.domsvitania.sk\/?p=113#primaryimage"},"thumbnailUrl":"https:\/\/www.domsvitania.sk\/wp-content\/uploads\/2014\/07\/IMG_0017-e1674412317598.jpeg","articleSection":["Archiv"],"inLanguage":"sk-SK","potentialAction":[{"@type":"CommentAction","name":"Comment","target":["https:\/\/www.domsvitania.sk\/?p=113#respond"]}]},{"@type":"WebPage","@id":"https:\/\/www.domsvitania.sk\/?p=113","url":"https:\/\/www.domsvitania.sk\/?p=113","name":"Vz\u00e1cna n\u00e1v\u0161teva z Nemecka - Dom Svitania","isPartOf":{"@id":"https:\/\/www.domsvitania.sk\/#website"},"primaryImageOfPage":{"@id":"https:\/\/www.domsvitania.sk\/?p=113#primaryimage"},"image":{"@id":"https:\/\/www.domsvitania.sk\/?p=113#primaryimage"},"thumbnailUrl":"https:\/\/www.domsvitania.sk\/wp-content\/uploads\/2014\/07\/IMG_0017-e1674412317598.jpeg","datePublished":"2014-07-24T08:58:54+00:00","dateModified":"2025-02-28T13:22:17+00:00","breadcrumb":{"@id":"https:\/\/www.domsvitania.sk\/?p=113#breadcrumb"},"inLanguage":"sk-SK","potentialAction":[{"@type":"ReadAction","target":["https:\/\/www.domsvitania.sk\/?p=113"]}]},{"@type":"ImageObject","inLanguage":"sk-SK","@id":"https:\/\/www.domsvitania.sk\/?p=113#primaryimage","url":"https:\/\/www.domsvitania.sk\/wp-content\/uploads\/2014\/07\/IMG_0017-e1674412317598.jpeg","contentUrl":"https:\/\/www.domsvitania.sk\/wp-content\/uploads\/2014\/07\/IMG_0017-e1674412317598.jpeg","width":700,"height":456},{"@type":"BreadcrumbList","@id":"https:\/\/www.domsvitania.sk\/?p=113#breadcrumb","itemListElement":[{"@type":"ListItem","position":1,"name":"Domovsk\u00e1 str\u00e1nka","item":"https:\/\/www.domsvitania.sk\/"},{"@type":"ListItem","position":2,"name":"Vz\u00e1cna n\u00e1v\u0161teva z Nemecka"}]},{"@type":"WebSite","@id":"https:\/\/www.domsvitania.sk\/#website","url":"https:\/\/www.domsvitania.sk\/","name":"Dom Svitania","description":"Rehabilita\u010dn\u00e9 stredisko a chr\u00e1nen\u00e1 diel\u0148a","publisher":{"@id":"https:\/\/www.domsvitania.sk\/#organization"},"potentialAction":[{"@type":"SearchAction","target":{"@type":"EntryPoint","urlTemplate":"https:\/\/www.domsvitania.sk\/?s={search_term_string}"},"query-input":{"@type":"PropertyValueSpecification","valueRequired":true,"valueName":"search_term_string"}}],"inLanguage":"sk-SK"},{"@type":"Organization","@id":"https:\/\/www.domsvitania.sk\/#organization","name":"Dom Svitania, n.o.","url":"https:\/\/www.domsvitania.sk\/","logo":{"@type":"ImageObject","inLanguage":"sk-SK","@id":"https:\/\/www.domsvitania.sk\/#\/schema\/logo\/image\/","url":"https:\/\/www.domsvitania.sk\/wp-content\/uploads\/2023\/01\/dom_svitania_logo.jpg","contentUrl":"https:\/\/www.domsvitania.sk\/wp-content\/uploads\/2023\/01\/dom_svitania_logo.jpg","width":243,"height":208,"caption":"Dom Svitania, n.o."},"image":{"@id":"https:\/\/www.domsvitania.sk\/#\/schema\/logo\/image\/"},"sameAs":["https:\/\/www.facebook.com\/domsvitaniask","https:\/\/www.instagram.com\/domsvitania"]},{"@type":"Person","@id":"https:\/\/www.domsvitania.sk\/#\/schema\/person\/0044dcfade948b8ffe79692cb498c42e","name":"admin","image":{"@type":"ImageObject","inLanguage":"sk-SK","@id":"https:\/\/www.domsvitania.sk\/#\/schema\/person\/image\/","url":"https:\/\/secure.gravatar.com\/avatar\/53ef7be8d1b92131e110e2a3f8fb8762d6e8986f8fd1802949720b8250706630?s=96&d=mm&r=g","contentUrl":"https:\/\/secure.gravatar.com\/avatar\/53ef7be8d1b92131e110e2a3f8fb8762d6e8986f8fd1802949720b8250706630?s=96&d=mm&r=g","caption":"admin"},"sameAs":["http:\/\/wp.domsvitania.sk"],"url":"https:\/\/www.domsvitania.sk\/?author=1"}]}},"jetpack_featured_media_url":"https:\/\/www.domsvitania.sk\/wp-content\/uploads\/2014\/07\/IMG_0017-e1674412317598.jpeg","jetpack_sharing_enabled":true,"_links":{"self":[{"href":"https:\/\/www.domsvitania.sk\/index.php?rest_route=\/wp\/v2\/posts\/113","targetHints":{"allow":["GET"]}}],"collection":[{"href":"https:\/\/www.domsvitania.sk\/index.php?rest_route=\/wp\/v2\/posts"}],"about":[{"href":"https:\/\/www.domsvitania.sk\/index.php?rest_route=\/wp\/v2\/types\/post"}],"author":[{"embeddable":true,"href":"https:\/\/www.domsvitania.sk\/index.php?rest_route=\/wp\/v2\/users\/1"}],"replies":[{"embeddable":true,"href":"https:\/\/www.domsvitania.sk\/index.php?rest_route=%2Fwp%2Fv2%2Fcomments&post=113"}],"version-history":[{"count":2,"href":"https:\/\/www.domsvitania.sk\/index.php?rest_route=\/wp\/v2\/posts\/113\/revisions"}],"predecessor-version":[{"id":1054,"href":"https:\/\/www.domsvitania.sk\/index.php?rest_route=\/wp\/v2\/posts\/113\/revisions\/1054"}],"wp:featuredmedia":[{"embeddable":true,"href":"https:\/\/www.domsvitania.sk\/index.php?rest_route=\/wp\/v2\/media\/1055"}],"wp:attachment":[{"href":"https:\/\/www.domsvitania.sk\/index.php?rest_route=%2Fwp%2Fv2%2Fmedia&parent=113"}],"wp:term":[{"taxonomy":"category","embeddable":true,"href":"https:\/\/www.domsvitania.sk\/index.php?rest_route=%2Fwp%2Fv2%2Fcategories&post=113"},{"taxonomy":"post_tag","embeddable":true,"href":"https:\/\/www.domsvitania.sk\/index.php?rest_route=%2Fwp%2Fv2%2Ftags&post=113"}],"curies":[{"name":"wp","href":"https:\/\/api.w.org\/{rel}","templated":true}]}}