{"id":1380,"date":"2023-02-15T13:05:57","date_gmt":"2023-02-15T12:05:57","guid":{"rendered":"https:\/\/www.domsvitania.sk\/?p=1380"},"modified":"2025-02-28T14:02:54","modified_gmt":"2025-02-28T13:02:54","slug":"fasiangovy-karneval","status":"publish","type":"post","link":"https:\/\/www.domsvitania.sk\/?p=1380","title":{"rendered":"Fa\u0161iangov\u00fd karneval"},"content":{"rendered":"\n<p>Vo Svitan\u00ed sme si urobili karneval<\/p>\n\n\n\n<p>a nikto sa nehneval.<\/p>\n\n\n\n<p>Ka\u017ed\u00fd sme boli nejak\u00e1 maska<\/p>\n\n\n\n<p>netu\u0161ili sme, \u017ee z\u00e1bava vo Svitan\u00ed prask\u00e1.<\/p>\n\n\n\n<p>Indi\u00e1nky Janka, Majka, Pa\u0165ka<\/p>\n\n\n\n<p>aj na\u0161a pani riadite\u013eka.<\/p>\n\n\n\n<p>Kr\u00e1\u013e Juraj pri sebe c\u00e1rovn\u00fa M\u00e1riu mal<\/p>\n\n\n\n<p>a pek\u00e1r Mari\u00e1n im k tomu vypekal.<\/p>\n\n\n\n<p>Nikto by n\u00e1m neveril,<\/p>\n\n\n\n<p>\u017ee sa tam aj Pika\u010du objavil.<\/p>\n\n\n\n<p>Barborka bola na\u0161a hviezda<\/p>\n\n\n\n<p>a \u013dubko sa ako chutn\u00fd netopier nezd\u00e1.<\/p>\n\n\n\n<p>Z praveku k n\u00e1m pri\u0161li Flinstonovci<\/p>\n\n\n\n<ul class=\"wp-block-list\">\n<li>zahrali si ich Kozjakovci.<\/li>\n<\/ul>\n\n\n\n<p>Mi\u0161ka \u0161ibalom Mirkom bola<\/p>\n\n\n\n<p>a v\u0161etk\u00fdch n\u00e1s pobavila \ud83d\ude42<\/p>\n\n\n\n<figure class=\"wp-block-image size-large\"><img loading=\"lazy\" decoding=\"async\" width=\"1024\" height=\"768\" src=\"https:\/\/www.domsvitania.sk\/wp-content\/uploads\/2023\/02\/image-4-1024x768.png\" alt=\"\" class=\"wp-image-1381\" srcset=\"https:\/\/www.domsvitania.sk\/wp-content\/uploads\/2023\/02\/image-4-1024x768.png 1024w, https:\/\/www.domsvitania.sk\/wp-content\/uploads\/2023\/02\/image-4-300x225.png 300w, https:\/\/www.domsvitania.sk\/wp-content\/uploads\/2023\/02\/image-4-600x450.png 600w, https:\/\/www.domsvitania.sk\/wp-content\/uploads\/2023\/02\/image-4-768x576.png 768w, https:\/\/www.domsvitania.sk\/wp-content\/uploads\/2023\/02\/image-4-1536x1152.png 1536w, https:\/\/www.domsvitania.sk\/wp-content\/uploads\/2023\/02\/image-4-1140x855.png 1140w, https:\/\/www.domsvitania.sk\/wp-content\/uploads\/2023\/02\/image-4-1320x990.png 1320w, https:\/\/www.domsvitania.sk\/wp-content\/uploads\/2023\/02\/image-4-32x24.png 32w, https:\/\/www.domsvitania.sk\/wp-content\/uploads\/2023\/02\/image-4-48x36.png 48w, https:\/\/www.domsvitania.sk\/wp-content\/uploads\/2023\/02\/image-4-64x48.png 64w, https:\/\/www.domsvitania.sk\/wp-content\/uploads\/2023\/02\/image-4.png 1600w\" sizes=\"auto, (max-width: 1024px) 100vw, 1024px\" \/><\/figure>\n\n\n\n<figure class=\"wp-block-image size-large\"><img loading=\"lazy\" decoding=\"async\" width=\"768\" height=\"1024\" src=\"https:\/\/www.domsvitania.sk\/wp-content\/uploads\/2023\/02\/spolocna-1-768x1024.jpg\" alt=\"\" class=\"wp-image-1382\" srcset=\"https:\/\/www.domsvitania.sk\/wp-content\/uploads\/2023\/02\/spolocna-1-768x1024.jpg 768w, https:\/\/www.domsvitania.sk\/wp-content\/uploads\/2023\/02\/spolocna-1-scaled-300x400.jpg 300w, https:\/\/www.domsvitania.sk\/wp-content\/uploads\/2023\/02\/spolocna-1-scaled-600x800.jpg 600w, https:\/\/www.domsvitania.sk\/wp-content\/uploads\/2023\/02\/spolocna-1-225x300.jpg 225w, https:\/\/www.domsvitania.sk\/wp-content\/uploads\/2023\/02\/spolocna-1-1152x1536.jpg 1152w, https:\/\/www.domsvitania.sk\/wp-content\/uploads\/2023\/02\/spolocna-1-1536x2048.jpg 1536w, https:\/\/www.domsvitania.sk\/wp-content\/uploads\/2023\/02\/spolocna-1-1140x1520.jpg 1140w, https:\/\/www.domsvitania.sk\/wp-content\/uploads\/2023\/02\/spolocna-1-1320x1760.jpg 1320w, https:\/\/www.domsvitania.sk\/wp-content\/uploads\/2023\/02\/spolocna-1-24x32.jpg 24w, https:\/\/www.domsvitania.sk\/wp-content\/uploads\/2023\/02\/spolocna-1-36x48.jpg 36w, https:\/\/www.domsvitania.sk\/wp-content\/uploads\/2023\/02\/spolocna-1-48x64.jpg 48w, https:\/\/www.domsvitania.sk\/wp-content\/uploads\/2023\/02\/spolocna-1-scaled.jpg 1920w\" sizes=\"auto, (max-width: 768px) 100vw, 768px\" \/><\/figure>\n","protected":false},"excerpt":{"rendered":"<p>Vo Svitan\u00ed sme si urobili karneval a nikto sa nehneval. Ka\u017ed\u00fd sme boli nejak\u00e1 maska netu\u0161ili sme, \u017ee z\u00e1bava vo Svitan\u00ed prask\u00e1. Indi\u00e1nky Janka, Majka, Pa\u0165ka aj na\u0161a pani riadite\u013eka. Kr\u00e1\u013e Juraj pri sebe c\u00e1rovn\u00fa M\u00e1riu mal a pek\u00e1r Mari\u00e1n im k tomu vypekal. Nikto by n\u00e1m neveril, \u017ee sa tam aj Pika\u010du objavil. Barborka&#8230;<\/p>\n","protected":false},"author":1,"featured_media":1383,"comment_status":"closed","ping_status":"open","sticky":false,"template":"","format":"standard","meta":{"_kad_post_transparent":"","_kad_post_title":"","_kad_post_layout":"","_kad_post_sidebar_id":"","_kad_post_content_style":"","_kad_post_vertical_padding":"","_kad_post_feature":"","_kad_post_feature_position":"","_kad_post_header":false,"_kad_post_footer":false,"_kad_post_classname":"","_jetpack_memberships_contains_paid_content":false,"footnotes":""},"categories":[57],"tags":[],"class_list":["post-1380","post","type-post","status-publish","format-standard","has-post-thumbnail","hentry","category-archiv"],"yoast_head":"<!-- This site is optimized with the Yoast SEO plugin v26.7 - https:\/\/yoast.com\/wordpress\/plugins\/seo\/ -->\n<title>Fa\u0161iangov\u00fd karneval - Dom Svitania<\/title>\n<meta name=\"robots\" content=\"index, follow, max-snippet:-1, max-image-preview:large, max-video-preview:-1\" \/>\n<link rel=\"canonical\" href=\"https:\/\/www.domsvitania.sk\/?p=1380\" \/>\n<meta property=\"og:locale\" content=\"sk_SK\" \/>\n<meta property=\"og:type\" content=\"article\" \/>\n<meta property=\"og:title\" content=\"Fa\u0161iangov\u00fd karneval - Dom Svitania\" \/>\n<meta property=\"og:description\" content=\"Vo Svitan\u00ed sme si urobili karneval a nikto sa nehneval. Ka\u017ed\u00fd sme boli nejak\u00e1 maska netu\u0161ili sme, \u017ee z\u00e1bava vo Svitan\u00ed prask\u00e1. Indi\u00e1nky Janka, Majka, Pa\u0165ka aj na\u0161a pani riadite\u013eka. Kr\u00e1\u013e Juraj pri sebe c\u00e1rovn\u00fa M\u00e1riu mal a pek\u00e1r Mari\u00e1n im k tomu vypekal. Nikto by n\u00e1m neveril, \u017ee sa tam aj Pika\u010du objavil. Barborka...\" \/>\n<meta property=\"og:url\" content=\"https:\/\/www.domsvitania.sk\/?p=1380\" \/>\n<meta property=\"og:site_name\" content=\"Dom Svitania\" \/>\n<meta property=\"article:publisher\" content=\"https:\/\/www.facebook.com\/domsvitaniask\" \/>\n<meta property=\"article:published_time\" content=\"2023-02-15T12:05:57+00:00\" \/>\n<meta property=\"article:modified_time\" content=\"2025-02-28T13:02:54+00:00\" \/>\n<meta property=\"og:image\" content=\"https:\/\/www.domsvitania.sk\/wp-content\/uploads\/2023\/02\/spolocna-titulka.jpg\" \/>\n\t<meta property=\"og:image:width\" content=\"1458\" \/>\n\t<meta property=\"og:image:height\" content=\"968\" \/>\n\t<meta property=\"og:image:type\" content=\"image\/jpeg\" \/>\n<meta name=\"author\" content=\"admin\" \/>\n<meta name=\"twitter:card\" content=\"summary_large_image\" \/>\n<meta name=\"twitter:label1\" content=\"Autor\" \/>\n\t<meta name=\"twitter:data1\" content=\"admin\" \/>\n\t<meta name=\"twitter:label2\" content=\"Predpokladan\u00fd \u010das \u010d\u00edtania\" \/>\n\t<meta name=\"twitter:data2\" content=\"1 min\u00fata\" \/>\n<script type=\"application\/ld+json\" class=\"yoast-schema-graph\">{\"@context\":\"https:\/\/schema.org\",\"@graph\":[{\"@type\":\"Article\",\"@id\":\"https:\/\/www.domsvitania.sk\/?p=1380#article\",\"isPartOf\":{\"@id\":\"https:\/\/www.domsvitania.sk\/?p=1380\"},\"author\":{\"name\":\"admin\",\"@id\":\"https:\/\/www.domsvitania.sk\/#\/schema\/person\/0044dcfade948b8ffe79692cb498c42e\"},\"headline\":\"Fa\u0161iangov\u00fd karneval\",\"datePublished\":\"2023-02-15T12:05:57+00:00\",\"dateModified\":\"2025-02-28T13:02:54+00:00\",\"mainEntityOfPage\":{\"@id\":\"https:\/\/www.domsvitania.sk\/?p=1380\"},\"wordCount\":106,\"publisher\":{\"@id\":\"https:\/\/www.domsvitania.sk\/#organization\"},\"image\":{\"@id\":\"https:\/\/www.domsvitania.sk\/?p=1380#primaryimage\"},\"thumbnailUrl\":\"https:\/\/www.domsvitania.sk\/wp-content\/uploads\/2023\/02\/spolocna-titulka.jpg\",\"articleSection\":[\"Archiv\"],\"inLanguage\":\"sk-SK\"},{\"@type\":\"WebPage\",\"@id\":\"https:\/\/www.domsvitania.sk\/?p=1380\",\"url\":\"https:\/\/www.domsvitania.sk\/?p=1380\",\"name\":\"Fa\u0161iangov\u00fd karneval - Dom Svitania\",\"isPartOf\":{\"@id\":\"https:\/\/www.domsvitania.sk\/#website\"},\"primaryImageOfPage\":{\"@id\":\"https:\/\/www.domsvitania.sk\/?p=1380#primaryimage\"},\"image\":{\"@id\":\"https:\/\/www.domsvitania.sk\/?p=1380#primaryimage\"},\"thumbnailUrl\":\"https:\/\/www.domsvitania.sk\/wp-content\/uploads\/2023\/02\/spolocna-titulka.jpg\",\"datePublished\":\"2023-02-15T12:05:57+00:00\",\"dateModified\":\"2025-02-28T13:02:54+00:00\",\"breadcrumb\":{\"@id\":\"https:\/\/www.domsvitania.sk\/?p=1380#breadcrumb\"},\"inLanguage\":\"sk-SK\",\"potentialAction\":[{\"@type\":\"ReadAction\",\"target\":[\"https:\/\/www.domsvitania.sk\/?p=1380\"]}]},{\"@type\":\"ImageObject\",\"inLanguage\":\"sk-SK\",\"@id\":\"https:\/\/www.domsvitania.sk\/?p=1380#primaryimage\",\"url\":\"https:\/\/www.domsvitania.sk\/wp-content\/uploads\/2023\/02\/spolocna-titulka.jpg\",\"contentUrl\":\"https:\/\/www.domsvitania.sk\/wp-content\/uploads\/2023\/02\/spolocna-titulka.jpg\",\"width\":1458,\"height\":968},{\"@type\":\"BreadcrumbList\",\"@id\":\"https:\/\/www.domsvitania.sk\/?p=1380#breadcrumb\",\"itemListElement\":[{\"@type\":\"ListItem\",\"position\":1,\"name\":\"Domovsk\u00e1 str\u00e1nka\",\"item\":\"https:\/\/www.domsvitania.sk\/\"},{\"@type\":\"ListItem\",\"position\":2,\"name\":\"Fa\u0161iangov\u00fd karneval\"}]},{\"@type\":\"WebSite\",\"@id\":\"https:\/\/www.domsvitania.sk\/#website\",\"url\":\"https:\/\/www.domsvitania.sk\/\",\"name\":\"Dom Svitania\",\"description\":\"Rehabilita\u010dn\u00e9 stredisko a chr\u00e1nen\u00e1 diel\u0148a\",\"publisher\":{\"@id\":\"https:\/\/www.domsvitania.sk\/#organization\"},\"potentialAction\":[{\"@type\":\"SearchAction\",\"target\":{\"@type\":\"EntryPoint\",\"urlTemplate\":\"https:\/\/www.domsvitania.sk\/?s={search_term_string}\"},\"query-input\":{\"@type\":\"PropertyValueSpecification\",\"valueRequired\":true,\"valueName\":\"search_term_string\"}}],\"inLanguage\":\"sk-SK\"},{\"@type\":\"Organization\",\"@id\":\"https:\/\/www.domsvitania.sk\/#organization\",\"name\":\"Dom Svitania, n.o.\",\"url\":\"https:\/\/www.domsvitania.sk\/\",\"logo\":{\"@type\":\"ImageObject\",\"inLanguage\":\"sk-SK\",\"@id\":\"https:\/\/www.domsvitania.sk\/#\/schema\/logo\/image\/\",\"url\":\"https:\/\/www.domsvitania.sk\/wp-content\/uploads\/2023\/01\/dom_svitania_logo.jpg\",\"contentUrl\":\"https:\/\/www.domsvitania.sk\/wp-content\/uploads\/2023\/01\/dom_svitania_logo.jpg\",\"width\":243,\"height\":208,\"caption\":\"Dom Svitania, n.o.\"},\"image\":{\"@id\":\"https:\/\/www.domsvitania.sk\/#\/schema\/logo\/image\/\"},\"sameAs\":[\"https:\/\/www.facebook.com\/domsvitaniask\",\"https:\/\/www.instagram.com\/domsvitania\"]},{\"@type\":\"Person\",\"@id\":\"https:\/\/www.domsvitania.sk\/#\/schema\/person\/0044dcfade948b8ffe79692cb498c42e\",\"name\":\"admin\",\"image\":{\"@type\":\"ImageObject\",\"inLanguage\":\"sk-SK\",\"@id\":\"https:\/\/www.domsvitania.sk\/#\/schema\/person\/image\/\",\"url\":\"https:\/\/secure.gravatar.com\/avatar\/53ef7be8d1b92131e110e2a3f8fb8762d6e8986f8fd1802949720b8250706630?s=96&d=mm&r=g\",\"contentUrl\":\"https:\/\/secure.gravatar.com\/avatar\/53ef7be8d1b92131e110e2a3f8fb8762d6e8986f8fd1802949720b8250706630?s=96&d=mm&r=g\",\"caption\":\"admin\"},\"sameAs\":[\"http:\/\/wp.domsvitania.sk\"],\"url\":\"https:\/\/www.domsvitania.sk\/?author=1\"}]}<\/script>\n<!-- \/ Yoast SEO plugin. -->","yoast_head_json":{"title":"Fa\u0161iangov\u00fd karneval - Dom Svitania","robots":{"index":"index","follow":"follow","max-snippet":"max-snippet:-1","max-image-preview":"max-image-preview:large","max-video-preview":"max-video-preview:-1"},"canonical":"https:\/\/www.domsvitania.sk\/?p=1380","og_locale":"sk_SK","og_type":"article","og_title":"Fa\u0161iangov\u00fd karneval - Dom Svitania","og_description":"Vo Svitan\u00ed sme si urobili karneval a nikto sa nehneval. Ka\u017ed\u00fd sme boli nejak\u00e1 maska netu\u0161ili sme, \u017ee z\u00e1bava vo Svitan\u00ed prask\u00e1. Indi\u00e1nky Janka, Majka, Pa\u0165ka aj na\u0161a pani riadite\u013eka. Kr\u00e1\u013e Juraj pri sebe c\u00e1rovn\u00fa M\u00e1riu mal a pek\u00e1r Mari\u00e1n im k tomu vypekal. Nikto by n\u00e1m neveril, \u017ee sa tam aj Pika\u010du objavil. Barborka...","og_url":"https:\/\/www.domsvitania.sk\/?p=1380","og_site_name":"Dom Svitania","article_publisher":"https:\/\/www.facebook.com\/domsvitaniask","article_published_time":"2023-02-15T12:05:57+00:00","article_modified_time":"2025-02-28T13:02:54+00:00","og_image":[{"width":1458,"height":968,"url":"https:\/\/www.domsvitania.sk\/wp-content\/uploads\/2023\/02\/spolocna-titulka.jpg","type":"image\/jpeg"}],"author":"admin","twitter_card":"summary_large_image","twitter_misc":{"Autor":"admin","Predpokladan\u00fd \u010das \u010d\u00edtania":"1 min\u00fata"},"schema":{"@context":"https:\/\/schema.org","@graph":[{"@type":"Article","@id":"https:\/\/www.domsvitania.sk\/?p=1380#article","isPartOf":{"@id":"https:\/\/www.domsvitania.sk\/?p=1380"},"author":{"name":"admin","@id":"https:\/\/www.domsvitania.sk\/#\/schema\/person\/0044dcfade948b8ffe79692cb498c42e"},"headline":"Fa\u0161iangov\u00fd karneval","datePublished":"2023-02-15T12:05:57+00:00","dateModified":"2025-02-28T13:02:54+00:00","mainEntityOfPage":{"@id":"https:\/\/www.domsvitania.sk\/?p=1380"},"wordCount":106,"publisher":{"@id":"https:\/\/www.domsvitania.sk\/#organization"},"image":{"@id":"https:\/\/www.domsvitania.sk\/?p=1380#primaryimage"},"thumbnailUrl":"https:\/\/www.domsvitania.sk\/wp-content\/uploads\/2023\/02\/spolocna-titulka.jpg","articleSection":["Archiv"],"inLanguage":"sk-SK"},{"@type":"WebPage","@id":"https:\/\/www.domsvitania.sk\/?p=1380","url":"https:\/\/www.domsvitania.sk\/?p=1380","name":"Fa\u0161iangov\u00fd karneval - Dom Svitania","isPartOf":{"@id":"https:\/\/www.domsvitania.sk\/#website"},"primaryImageOfPage":{"@id":"https:\/\/www.domsvitania.sk\/?p=1380#primaryimage"},"image":{"@id":"https:\/\/www.domsvitania.sk\/?p=1380#primaryimage"},"thumbnailUrl":"https:\/\/www.domsvitania.sk\/wp-content\/uploads\/2023\/02\/spolocna-titulka.jpg","datePublished":"2023-02-15T12:05:57+00:00","dateModified":"2025-02-28T13:02:54+00:00","breadcrumb":{"@id":"https:\/\/www.domsvitania.sk\/?p=1380#breadcrumb"},"inLanguage":"sk-SK","potentialAction":[{"@type":"ReadAction","target":["https:\/\/www.domsvitania.sk\/?p=1380"]}]},{"@type":"ImageObject","inLanguage":"sk-SK","@id":"https:\/\/www.domsvitania.sk\/?p=1380#primaryimage","url":"https:\/\/www.domsvitania.sk\/wp-content\/uploads\/2023\/02\/spolocna-titulka.jpg","contentUrl":"https:\/\/www.domsvitania.sk\/wp-content\/uploads\/2023\/02\/spolocna-titulka.jpg","width":1458,"height":968},{"@type":"BreadcrumbList","@id":"https:\/\/www.domsvitania.sk\/?p=1380#breadcrumb","itemListElement":[{"@type":"ListItem","position":1,"name":"Domovsk\u00e1 str\u00e1nka","item":"https:\/\/www.domsvitania.sk\/"},{"@type":"ListItem","position":2,"name":"Fa\u0161iangov\u00fd karneval"}]},{"@type":"WebSite","@id":"https:\/\/www.domsvitania.sk\/#website","url":"https:\/\/www.domsvitania.sk\/","name":"Dom Svitania","description":"Rehabilita\u010dn\u00e9 stredisko a chr\u00e1nen\u00e1 diel\u0148a","publisher":{"@id":"https:\/\/www.domsvitania.sk\/#organization"},"potentialAction":[{"@type":"SearchAction","target":{"@type":"EntryPoint","urlTemplate":"https:\/\/www.domsvitania.sk\/?s={search_term_string}"},"query-input":{"@type":"PropertyValueSpecification","valueRequired":true,"valueName":"search_term_string"}}],"inLanguage":"sk-SK"},{"@type":"Organization","@id":"https:\/\/www.domsvitania.sk\/#organization","name":"Dom Svitania, n.o.","url":"https:\/\/www.domsvitania.sk\/","logo":{"@type":"ImageObject","inLanguage":"sk-SK","@id":"https:\/\/www.domsvitania.sk\/#\/schema\/logo\/image\/","url":"https:\/\/www.domsvitania.sk\/wp-content\/uploads\/2023\/01\/dom_svitania_logo.jpg","contentUrl":"https:\/\/www.domsvitania.sk\/wp-content\/uploads\/2023\/01\/dom_svitania_logo.jpg","width":243,"height":208,"caption":"Dom Svitania, n.o."},"image":{"@id":"https:\/\/www.domsvitania.sk\/#\/schema\/logo\/image\/"},"sameAs":["https:\/\/www.facebook.com\/domsvitaniask","https:\/\/www.instagram.com\/domsvitania"]},{"@type":"Person","@id":"https:\/\/www.domsvitania.sk\/#\/schema\/person\/0044dcfade948b8ffe79692cb498c42e","name":"admin","image":{"@type":"ImageObject","inLanguage":"sk-SK","@id":"https:\/\/www.domsvitania.sk\/#\/schema\/person\/image\/","url":"https:\/\/secure.gravatar.com\/avatar\/53ef7be8d1b92131e110e2a3f8fb8762d6e8986f8fd1802949720b8250706630?s=96&d=mm&r=g","contentUrl":"https:\/\/secure.gravatar.com\/avatar\/53ef7be8d1b92131e110e2a3f8fb8762d6e8986f8fd1802949720b8250706630?s=96&d=mm&r=g","caption":"admin"},"sameAs":["http:\/\/wp.domsvitania.sk"],"url":"https:\/\/www.domsvitania.sk\/?author=1"}]}},"jetpack_featured_media_url":"https:\/\/www.domsvitania.sk\/wp-content\/uploads\/2023\/02\/spolocna-titulka.jpg","jetpack_sharing_enabled":true,"_links":{"self":[{"href":"https:\/\/www.domsvitania.sk\/index.php?rest_route=\/wp\/v2\/posts\/1380","targetHints":{"allow":["GET"]}}],"collection":[{"href":"https:\/\/www.domsvitania.sk\/index.php?rest_route=\/wp\/v2\/posts"}],"about":[{"href":"https:\/\/www.domsvitania.sk\/index.php?rest_route=\/wp\/v2\/types\/post"}],"author":[{"embeddable":true,"href":"https:\/\/www.domsvitania.sk\/index.php?rest_route=\/wp\/v2\/users\/1"}],"replies":[{"embeddable":true,"href":"https:\/\/www.domsvitania.sk\/index.php?rest_route=%2Fwp%2Fv2%2Fcomments&post=1380"}],"version-history":[{"count":1,"href":"https:\/\/www.domsvitania.sk\/index.php?rest_route=\/wp\/v2\/posts\/1380\/revisions"}],"predecessor-version":[{"id":1384,"href":"https:\/\/www.domsvitania.sk\/index.php?rest_route=\/wp\/v2\/posts\/1380\/revisions\/1384"}],"wp:featuredmedia":[{"embeddable":true,"href":"https:\/\/www.domsvitania.sk\/index.php?rest_route=\/wp\/v2\/media\/1383"}],"wp:attachment":[{"href":"https:\/\/www.domsvitania.sk\/index.php?rest_route=%2Fwp%2Fv2%2Fmedia&parent=1380"}],"wp:term":[{"taxonomy":"category","embeddable":true,"href":"https:\/\/www.domsvitania.sk\/index.php?rest_route=%2Fwp%2Fv2%2Fcategories&post=1380"},{"taxonomy":"post_tag","embeddable":true,"href":"https:\/\/www.domsvitania.sk\/index.php?rest_route=%2Fwp%2Fv2%2Ftags&post=1380"}],"curies":[{"name":"wp","href":"https:\/\/api.w.org\/{rel}","templated":true}]}}