{"id":157,"date":"2015-07-01T14:03:20","date_gmt":"2015-07-01T12:03:20","guid":{"rendered":"https:\/\/wp.domsvitania.sk\/?p=157"},"modified":"2025-02-28T14:17:01","modified_gmt":"2025-02-28T13:17:01","slug":"letna-malacka-sosovica","status":"publish","type":"post","link":"https:\/\/www.domsvitania.sk\/?p=157","title":{"rendered":"Letn\u00e1 Malack\u00e1 \u0161o\u0161ovica"},"content":{"rendered":"<p style=\"text-align: justify;\">Na \u010fal\u0161om pokra\u010dovan\u00ed \u00faspe\u0161nej akcie v Malack\u00e1ch sme sa u\u017e tradi\u010dne z\u00fa\u010dastnili aj my z Domu Svitania. Moji kolegovia tu boli u\u017e od r\u00e1na, ja som pri\u0161la trochu nesk\u00f4r, ale pomohla som s predajom v st\u00e1nku, mohli sme sa aspo\u0148 prestrieda\u0165, takto mali aj moji kamar\u00e1ti z Domu Svitania mo\u017enos\u0165 z\u00fa\u010dastni\u0165 sa sprievodn\u00fdch akci\u00ed a tie boli zauj\u00edmav\u00e9&#8230;<br \/>\n<div class=\"fg_gallery\">\n<div class=\"fg_thumbnail\" style=\"width:166px;margin:0px 5px 5px 0px;\">\n<a title=\"My Gallery (1\/3)\" href=\"https:\/\/www.domsvitania.sk\/images\/2015_SOSOVICA_LETO_1\/IMG_2227.jpg\"><img decoding=\"async\" src=\"https:\/\/www.domsvitania.sk\/images\/2015_SOSOVICA_LETO_1\/cache_160x0\/img_2227.jpg\" style=\"width:160px;margin:0;padding:2px;border-width:1px;\" alt=\"My Gallery (1\/3)\" \/><\/a><\/div>\n<div class=\"fg_thumbnail\" style=\"width:166px;margin:0px 5px 5px 0px;\">\n<a title=\"My Gallery (2\/3)\" href=\"https:\/\/www.domsvitania.sk\/images\/2015_SOSOVICA_LETO_1\/P1240690.jpg\"><img decoding=\"async\" src=\"https:\/\/www.domsvitania.sk\/images\/2015_SOSOVICA_LETO_1\/cache_160x0\/p1240690.jpg\" style=\"width:160px;margin:0;padding:2px;border-width:1px;\" alt=\"My Gallery (2\/3)\" \/><\/a><\/div>\n<div class=\"fg_thumbnail\" style=\"width:166px;margin:0px 5px 5px 0px;\">\n<a title=\"My Gallery (3\/3)\" href=\"https:\/\/www.domsvitania.sk\/images\/2015_SOSOVICA_LETO_1\/P1240694.jpg\"><img decoding=\"async\" src=\"https:\/\/www.domsvitania.sk\/images\/2015_SOSOVICA_LETO_1\/cache_160x0\/p1240694.jpg\" style=\"width:160px;margin:0;padding:2px;border-width:1px;\" alt=\"My Gallery (3\/3)\" \/><\/a><\/div><br style=\"clear: both\" \/>\n<\/div>\n<\/p>\n<p><!--more--><\/p>\n<p style=\"text-align: justify;\">\u013dubko po\u010d\u00faval predn\u00e1\u0161ku o cyklistike v Malack\u00e1ch, Vlado sa akt\u00edvne z\u00fa\u010dastnil diskusie o v\u010del\u00e1ch a v\u010del\u00e1rstve. Oproti n\u00e1\u0161mu st\u00e1nku boli r\u00f4zne zauj\u00edmav\u00e9 workshopy, ma\u013eovanie na tv\u00e1r, stre\u013eba z luku, cirkus, kde sme sa mohli nau\u010di\u0165 \u017eonglova\u0165. Ja osobne som vyu\u017eila Z\u00f3nu bez pe\u0148az\u00ed, na\u0161la som si tam dve tri\u010dk\u00e1 do pr\u00e1ce. Te\u0161ila som sa na st\u00e1nok Vego\u0161, tento kr\u00e1t som ochutnala supern\u00fd vrap \u2013 placka, n\u00e1tierka + zelenina \u2013 m\u0148am. Videla som vyst\u00fapenie folkl\u00f3rneho s\u00faboru det\u00ed, potom bol aj koncert, tam som nebola, musela som u\u017e od\u00eds\u0165. Ale aj tak ma te\u0161ilo, \u017ee som na \u0160o\u0161ovici mohla by\u0165. Ako v\u017edy, bolo n\u00e1m tu v\u0161etk\u00fdm super!<\/p>\n<p>Kamilka Sestrienkov\u00e1<\/p>\n<div class=\"fg_gallery\">\n<div class=\"fg_thumbnail\" style=\"width:166px;margin:0px 5px 5px 0px;\">\n<a title=\"My Gallery (1\/5)\" href=\"https:\/\/www.domsvitania.sk\/images\/2015_SOSOVICA_LETO_2\/IMG_2208.jpg\"><img decoding=\"async\" src=\"https:\/\/www.domsvitania.sk\/images\/2015_SOSOVICA_LETO_2\/cache_160x0\/img_2208.jpg\" style=\"width:160px;margin:0;padding:2px;border-width:1px;\" alt=\"My Gallery (1\/5)\" \/><\/a><\/div>\n<div class=\"fg_thumbnail\" style=\"width:166px;margin:0px 5px 5px 0px;\">\n<a title=\"My Gallery (2\/5)\" href=\"https:\/\/www.domsvitania.sk\/images\/2015_SOSOVICA_LETO_2\/IMG_2215.jpg\"><img decoding=\"async\" src=\"https:\/\/www.domsvitania.sk\/images\/2015_SOSOVICA_LETO_2\/cache_160x0\/img_2215.jpg\" style=\"width:160px;margin:0;padding:2px;border-width:1px;\" alt=\"My Gallery (2\/5)\" \/><\/a><\/div>\n<div class=\"fg_thumbnail\" style=\"width:166px;margin:0px 5px 5px 0px;\">\n<a title=\"My Gallery (3\/5)\" href=\"https:\/\/www.domsvitania.sk\/images\/2015_SOSOVICA_LETO_2\/IMG_2222.jpg\"><img decoding=\"async\" src=\"https:\/\/www.domsvitania.sk\/images\/2015_SOSOVICA_LETO_2\/cache_160x0\/img_2222.jpg\" style=\"width:160px;margin:0;padding:2px;border-width:1px;\" alt=\"My Gallery (3\/5)\" \/><\/a><\/div>\n<div class=\"fg_thumbnail\" style=\"width:166px;margin:0px 5px 5px 0px;\">\n<a title=\"My Gallery (4\/5)\" href=\"https:\/\/www.domsvitania.sk\/images\/2015_SOSOVICA_LETO_2\/IMG_2226.jpg\"><img decoding=\"async\" src=\"https:\/\/www.domsvitania.sk\/images\/2015_SOSOVICA_LETO_2\/cache_160x0\/img_2226.jpg\" style=\"width:160px;margin:0;padding:2px;border-width:1px;\" alt=\"My Gallery (4\/5)\" \/><\/a><\/div>\n<div class=\"fg_thumbnail\" style=\"width:166px;margin:0px 5px 5px 0px;\">\n<a title=\"My Gallery (5\/5)\" href=\"https:\/\/www.domsvitania.sk\/images\/2015_SOSOVICA_LETO_2\/P1240682.jpg\"><img decoding=\"async\" src=\"https:\/\/www.domsvitania.sk\/images\/2015_SOSOVICA_LETO_2\/cache_160x0\/p1240682.jpg\" style=\"width:160px;margin:0;padding:2px;border-width:1px;\" alt=\"My Gallery (5\/5)\" \/><\/a><\/div><br style=\"clear: both\" \/>\n<\/div>\n\n","protected":false},"excerpt":{"rendered":"<p>Na \u010fal\u0161om pokra\u010dovan\u00ed \u00faspe\u0161nej akcie v Malack\u00e1ch sme sa u\u017e tradi\u010dne z\u00fa\u010dastnili aj my z Domu Svitania. Moji kolegovia tu boli u\u017e od r\u00e1na, ja som pri\u0161la trochu nesk\u00f4r, ale pomohla som s predajom v st\u00e1nku, mohli sme sa aspo\u0148 prestrieda\u0165, takto mali aj moji kamar\u00e1ti z Domu Svitania mo\u017enos\u0165 z\u00fa\u010dastni\u0165 sa sprievodn\u00fdch akci\u00ed a&#8230;<\/p>\n","protected":false},"author":1,"featured_media":1002,"comment_status":"open","ping_status":"open","sticky":false,"template":"","format":"standard","meta":{"_kad_post_transparent":"","_kad_post_title":"","_kad_post_layout":"","_kad_post_sidebar_id":"","_kad_post_content_style":"","_kad_post_vertical_padding":"","_kad_post_feature":"","_kad_post_feature_position":"","_kad_post_header":false,"_kad_post_footer":false,"_kad_post_classname":"","_jetpack_memberships_contains_paid_content":false,"footnotes":""},"categories":[57],"tags":[],"class_list":["post-157","post","type-post","status-publish","format-standard","has-post-thumbnail","hentry","category-archiv"],"yoast_head":"<!-- This site is optimized with the Yoast SEO plugin v26.7 - https:\/\/yoast.com\/wordpress\/plugins\/seo\/ -->\n<title>Letn\u00e1 Malack\u00e1 \u0161o\u0161ovica - Dom Svitania<\/title>\n<meta name=\"robots\" content=\"index, follow, max-snippet:-1, max-image-preview:large, max-video-preview:-1\" \/>\n<link rel=\"canonical\" href=\"https:\/\/www.domsvitania.sk\/?p=157\" \/>\n<meta property=\"og:locale\" content=\"sk_SK\" \/>\n<meta property=\"og:type\" content=\"article\" \/>\n<meta property=\"og:title\" content=\"Letn\u00e1 Malack\u00e1 \u0161o\u0161ovica - Dom Svitania\" \/>\n<meta property=\"og:description\" content=\"Na \u010fal\u0161om pokra\u010dovan\u00ed \u00faspe\u0161nej akcie v Malack\u00e1ch sme sa u\u017e tradi\u010dne z\u00fa\u010dastnili aj my z Domu Svitania. Moji kolegovia tu boli u\u017e od r\u00e1na, ja som pri\u0161la trochu nesk\u00f4r, ale pomohla som s predajom v st\u00e1nku, mohli sme sa aspo\u0148 prestrieda\u0165, takto mali aj moji kamar\u00e1ti z Domu Svitania mo\u017enos\u0165 z\u00fa\u010dastni\u0165 sa sprievodn\u00fdch akci\u00ed a...\" \/>\n<meta property=\"og:url\" content=\"https:\/\/www.domsvitania.sk\/?p=157\" \/>\n<meta property=\"og:site_name\" content=\"Dom Svitania\" \/>\n<meta property=\"article:publisher\" content=\"https:\/\/www.facebook.com\/domsvitaniask\" \/>\n<meta property=\"article:published_time\" content=\"2015-07-01T12:03:20+00:00\" \/>\n<meta property=\"article:modified_time\" content=\"2025-02-28T13:17:01+00:00\" \/>\n<meta property=\"og:image\" content=\"https:\/\/www.domsvitania.sk\/wp-content\/uploads\/2015\/07\/P1240690-e1674410386628.jpg\" \/>\n\t<meta property=\"og:image:width\" content=\"632\" \/>\n\t<meta property=\"og:image:height\" content=\"392\" \/>\n\t<meta property=\"og:image:type\" content=\"image\/jpeg\" \/>\n<meta name=\"author\" content=\"admin\" \/>\n<meta name=\"twitter:card\" content=\"summary_large_image\" \/>\n<meta name=\"twitter:label1\" content=\"Autor\" \/>\n\t<meta name=\"twitter:data1\" content=\"admin\" \/>\n\t<meta name=\"twitter:label2\" content=\"Predpokladan\u00fd \u010das \u010d\u00edtania\" \/>\n\t<meta name=\"twitter:data2\" content=\"1 min\u00fata\" \/>\n<script type=\"application\/ld+json\" class=\"yoast-schema-graph\">{\"@context\":\"https:\/\/schema.org\",\"@graph\":[{\"@type\":\"Article\",\"@id\":\"https:\/\/www.domsvitania.sk\/?p=157#article\",\"isPartOf\":{\"@id\":\"https:\/\/www.domsvitania.sk\/?p=157\"},\"author\":{\"name\":\"admin\",\"@id\":\"https:\/\/www.domsvitania.sk\/#\/schema\/person\/0044dcfade948b8ffe79692cb498c42e\"},\"headline\":\"Letn\u00e1 Malack\u00e1 \u0161o\u0161ovica\",\"datePublished\":\"2015-07-01T12:03:20+00:00\",\"dateModified\":\"2025-02-28T13:17:01+00:00\",\"mainEntityOfPage\":{\"@id\":\"https:\/\/www.domsvitania.sk\/?p=157\"},\"wordCount\":229,\"commentCount\":0,\"publisher\":{\"@id\":\"https:\/\/www.domsvitania.sk\/#organization\"},\"image\":{\"@id\":\"https:\/\/www.domsvitania.sk\/?p=157#primaryimage\"},\"thumbnailUrl\":\"https:\/\/www.domsvitania.sk\/wp-content\/uploads\/2015\/07\/P1240690-e1674410386628.jpg\",\"articleSection\":[\"Archiv\"],\"inLanguage\":\"sk-SK\",\"potentialAction\":[{\"@type\":\"CommentAction\",\"name\":\"Comment\",\"target\":[\"https:\/\/www.domsvitania.sk\/?p=157#respond\"]}]},{\"@type\":\"WebPage\",\"@id\":\"https:\/\/www.domsvitania.sk\/?p=157\",\"url\":\"https:\/\/www.domsvitania.sk\/?p=157\",\"name\":\"Letn\u00e1 Malack\u00e1 \u0161o\u0161ovica - Dom Svitania\",\"isPartOf\":{\"@id\":\"https:\/\/www.domsvitania.sk\/#website\"},\"primaryImageOfPage\":{\"@id\":\"https:\/\/www.domsvitania.sk\/?p=157#primaryimage\"},\"image\":{\"@id\":\"https:\/\/www.domsvitania.sk\/?p=157#primaryimage\"},\"thumbnailUrl\":\"https:\/\/www.domsvitania.sk\/wp-content\/uploads\/2015\/07\/P1240690-e1674410386628.jpg\",\"datePublished\":\"2015-07-01T12:03:20+00:00\",\"dateModified\":\"2025-02-28T13:17:01+00:00\",\"breadcrumb\":{\"@id\":\"https:\/\/www.domsvitania.sk\/?p=157#breadcrumb\"},\"inLanguage\":\"sk-SK\",\"potentialAction\":[{\"@type\":\"ReadAction\",\"target\":[\"https:\/\/www.domsvitania.sk\/?p=157\"]}]},{\"@type\":\"ImageObject\",\"inLanguage\":\"sk-SK\",\"@id\":\"https:\/\/www.domsvitania.sk\/?p=157#primaryimage\",\"url\":\"https:\/\/www.domsvitania.sk\/wp-content\/uploads\/2015\/07\/P1240690-e1674410386628.jpg\",\"contentUrl\":\"https:\/\/www.domsvitania.sk\/wp-content\/uploads\/2015\/07\/P1240690-e1674410386628.jpg\",\"width\":632,\"height\":392},{\"@type\":\"BreadcrumbList\",\"@id\":\"https:\/\/www.domsvitania.sk\/?p=157#breadcrumb\",\"itemListElement\":[{\"@type\":\"ListItem\",\"position\":1,\"name\":\"Domovsk\u00e1 str\u00e1nka\",\"item\":\"https:\/\/www.domsvitania.sk\/\"},{\"@type\":\"ListItem\",\"position\":2,\"name\":\"Letn\u00e1 Malack\u00e1 \u0161o\u0161ovica\"}]},{\"@type\":\"WebSite\",\"@id\":\"https:\/\/www.domsvitania.sk\/#website\",\"url\":\"https:\/\/www.domsvitania.sk\/\",\"name\":\"Dom Svitania\",\"description\":\"Rehabilita\u010dn\u00e9 stredisko a chr\u00e1nen\u00e1 diel\u0148a\",\"publisher\":{\"@id\":\"https:\/\/www.domsvitania.sk\/#organization\"},\"potentialAction\":[{\"@type\":\"SearchAction\",\"target\":{\"@type\":\"EntryPoint\",\"urlTemplate\":\"https:\/\/www.domsvitania.sk\/?s={search_term_string}\"},\"query-input\":{\"@type\":\"PropertyValueSpecification\",\"valueRequired\":true,\"valueName\":\"search_term_string\"}}],\"inLanguage\":\"sk-SK\"},{\"@type\":\"Organization\",\"@id\":\"https:\/\/www.domsvitania.sk\/#organization\",\"name\":\"Dom Svitania, n.o.\",\"url\":\"https:\/\/www.domsvitania.sk\/\",\"logo\":{\"@type\":\"ImageObject\",\"inLanguage\":\"sk-SK\",\"@id\":\"https:\/\/www.domsvitania.sk\/#\/schema\/logo\/image\/\",\"url\":\"https:\/\/www.domsvitania.sk\/wp-content\/uploads\/2023\/01\/dom_svitania_logo.jpg\",\"contentUrl\":\"https:\/\/www.domsvitania.sk\/wp-content\/uploads\/2023\/01\/dom_svitania_logo.jpg\",\"width\":243,\"height\":208,\"caption\":\"Dom Svitania, n.o.\"},\"image\":{\"@id\":\"https:\/\/www.domsvitania.sk\/#\/schema\/logo\/image\/\"},\"sameAs\":[\"https:\/\/www.facebook.com\/domsvitaniask\",\"https:\/\/www.instagram.com\/domsvitania\"]},{\"@type\":\"Person\",\"@id\":\"https:\/\/www.domsvitania.sk\/#\/schema\/person\/0044dcfade948b8ffe79692cb498c42e\",\"name\":\"admin\",\"image\":{\"@type\":\"ImageObject\",\"inLanguage\":\"sk-SK\",\"@id\":\"https:\/\/www.domsvitania.sk\/#\/schema\/person\/image\/\",\"url\":\"https:\/\/secure.gravatar.com\/avatar\/53ef7be8d1b92131e110e2a3f8fb8762d6e8986f8fd1802949720b8250706630?s=96&d=mm&r=g\",\"contentUrl\":\"https:\/\/secure.gravatar.com\/avatar\/53ef7be8d1b92131e110e2a3f8fb8762d6e8986f8fd1802949720b8250706630?s=96&d=mm&r=g\",\"caption\":\"admin\"},\"sameAs\":[\"http:\/\/wp.domsvitania.sk\"],\"url\":\"https:\/\/www.domsvitania.sk\/?author=1\"}]}<\/script>\n<!-- \/ Yoast SEO plugin. -->","yoast_head_json":{"title":"Letn\u00e1 Malack\u00e1 \u0161o\u0161ovica - Dom Svitania","robots":{"index":"index","follow":"follow","max-snippet":"max-snippet:-1","max-image-preview":"max-image-preview:large","max-video-preview":"max-video-preview:-1"},"canonical":"https:\/\/www.domsvitania.sk\/?p=157","og_locale":"sk_SK","og_type":"article","og_title":"Letn\u00e1 Malack\u00e1 \u0161o\u0161ovica - Dom Svitania","og_description":"Na \u010fal\u0161om pokra\u010dovan\u00ed \u00faspe\u0161nej akcie v Malack\u00e1ch sme sa u\u017e tradi\u010dne z\u00fa\u010dastnili aj my z Domu Svitania. Moji kolegovia tu boli u\u017e od r\u00e1na, ja som pri\u0161la trochu nesk\u00f4r, ale pomohla som s predajom v st\u00e1nku, mohli sme sa aspo\u0148 prestrieda\u0165, takto mali aj moji kamar\u00e1ti z Domu Svitania mo\u017enos\u0165 z\u00fa\u010dastni\u0165 sa sprievodn\u00fdch akci\u00ed a...","og_url":"https:\/\/www.domsvitania.sk\/?p=157","og_site_name":"Dom Svitania","article_publisher":"https:\/\/www.facebook.com\/domsvitaniask","article_published_time":"2015-07-01T12:03:20+00:00","article_modified_time":"2025-02-28T13:17:01+00:00","og_image":[{"width":632,"height":392,"url":"https:\/\/www.domsvitania.sk\/wp-content\/uploads\/2015\/07\/P1240690-e1674410386628.jpg","type":"image\/jpeg"}],"author":"admin","twitter_card":"summary_large_image","twitter_misc":{"Autor":"admin","Predpokladan\u00fd \u010das \u010d\u00edtania":"1 min\u00fata"},"schema":{"@context":"https:\/\/schema.org","@graph":[{"@type":"Article","@id":"https:\/\/www.domsvitania.sk\/?p=157#article","isPartOf":{"@id":"https:\/\/www.domsvitania.sk\/?p=157"},"author":{"name":"admin","@id":"https:\/\/www.domsvitania.sk\/#\/schema\/person\/0044dcfade948b8ffe79692cb498c42e"},"headline":"Letn\u00e1 Malack\u00e1 \u0161o\u0161ovica","datePublished":"2015-07-01T12:03:20+00:00","dateModified":"2025-02-28T13:17:01+00:00","mainEntityOfPage":{"@id":"https:\/\/www.domsvitania.sk\/?p=157"},"wordCount":229,"commentCount":0,"publisher":{"@id":"https:\/\/www.domsvitania.sk\/#organization"},"image":{"@id":"https:\/\/www.domsvitania.sk\/?p=157#primaryimage"},"thumbnailUrl":"https:\/\/www.domsvitania.sk\/wp-content\/uploads\/2015\/07\/P1240690-e1674410386628.jpg","articleSection":["Archiv"],"inLanguage":"sk-SK","potentialAction":[{"@type":"CommentAction","name":"Comment","target":["https:\/\/www.domsvitania.sk\/?p=157#respond"]}]},{"@type":"WebPage","@id":"https:\/\/www.domsvitania.sk\/?p=157","url":"https:\/\/www.domsvitania.sk\/?p=157","name":"Letn\u00e1 Malack\u00e1 \u0161o\u0161ovica - Dom Svitania","isPartOf":{"@id":"https:\/\/www.domsvitania.sk\/#website"},"primaryImageOfPage":{"@id":"https:\/\/www.domsvitania.sk\/?p=157#primaryimage"},"image":{"@id":"https:\/\/www.domsvitania.sk\/?p=157#primaryimage"},"thumbnailUrl":"https:\/\/www.domsvitania.sk\/wp-content\/uploads\/2015\/07\/P1240690-e1674410386628.jpg","datePublished":"2015-07-01T12:03:20+00:00","dateModified":"2025-02-28T13:17:01+00:00","breadcrumb":{"@id":"https:\/\/www.domsvitania.sk\/?p=157#breadcrumb"},"inLanguage":"sk-SK","potentialAction":[{"@type":"ReadAction","target":["https:\/\/www.domsvitania.sk\/?p=157"]}]},{"@type":"ImageObject","inLanguage":"sk-SK","@id":"https:\/\/www.domsvitania.sk\/?p=157#primaryimage","url":"https:\/\/www.domsvitania.sk\/wp-content\/uploads\/2015\/07\/P1240690-e1674410386628.jpg","contentUrl":"https:\/\/www.domsvitania.sk\/wp-content\/uploads\/2015\/07\/P1240690-e1674410386628.jpg","width":632,"height":392},{"@type":"BreadcrumbList","@id":"https:\/\/www.domsvitania.sk\/?p=157#breadcrumb","itemListElement":[{"@type":"ListItem","position":1,"name":"Domovsk\u00e1 str\u00e1nka","item":"https:\/\/www.domsvitania.sk\/"},{"@type":"ListItem","position":2,"name":"Letn\u00e1 Malack\u00e1 \u0161o\u0161ovica"}]},{"@type":"WebSite","@id":"https:\/\/www.domsvitania.sk\/#website","url":"https:\/\/www.domsvitania.sk\/","name":"Dom Svitania","description":"Rehabilita\u010dn\u00e9 stredisko a chr\u00e1nen\u00e1 diel\u0148a","publisher":{"@id":"https:\/\/www.domsvitania.sk\/#organization"},"potentialAction":[{"@type":"SearchAction","target":{"@type":"EntryPoint","urlTemplate":"https:\/\/www.domsvitania.sk\/?s={search_term_string}"},"query-input":{"@type":"PropertyValueSpecification","valueRequired":true,"valueName":"search_term_string"}}],"inLanguage":"sk-SK"},{"@type":"Organization","@id":"https:\/\/www.domsvitania.sk\/#organization","name":"Dom Svitania, n.o.","url":"https:\/\/www.domsvitania.sk\/","logo":{"@type":"ImageObject","inLanguage":"sk-SK","@id":"https:\/\/www.domsvitania.sk\/#\/schema\/logo\/image\/","url":"https:\/\/www.domsvitania.sk\/wp-content\/uploads\/2023\/01\/dom_svitania_logo.jpg","contentUrl":"https:\/\/www.domsvitania.sk\/wp-content\/uploads\/2023\/01\/dom_svitania_logo.jpg","width":243,"height":208,"caption":"Dom Svitania, n.o."},"image":{"@id":"https:\/\/www.domsvitania.sk\/#\/schema\/logo\/image\/"},"sameAs":["https:\/\/www.facebook.com\/domsvitaniask","https:\/\/www.instagram.com\/domsvitania"]},{"@type":"Person","@id":"https:\/\/www.domsvitania.sk\/#\/schema\/person\/0044dcfade948b8ffe79692cb498c42e","name":"admin","image":{"@type":"ImageObject","inLanguage":"sk-SK","@id":"https:\/\/www.domsvitania.sk\/#\/schema\/person\/image\/","url":"https:\/\/secure.gravatar.com\/avatar\/53ef7be8d1b92131e110e2a3f8fb8762d6e8986f8fd1802949720b8250706630?s=96&d=mm&r=g","contentUrl":"https:\/\/secure.gravatar.com\/avatar\/53ef7be8d1b92131e110e2a3f8fb8762d6e8986f8fd1802949720b8250706630?s=96&d=mm&r=g","caption":"admin"},"sameAs":["http:\/\/wp.domsvitania.sk"],"url":"https:\/\/www.domsvitania.sk\/?author=1"}]}},"jetpack_featured_media_url":"https:\/\/www.domsvitania.sk\/wp-content\/uploads\/2015\/07\/P1240690-e1674410386628.jpg","jetpack_sharing_enabled":true,"_links":{"self":[{"href":"https:\/\/www.domsvitania.sk\/index.php?rest_route=\/wp\/v2\/posts\/157","targetHints":{"allow":["GET"]}}],"collection":[{"href":"https:\/\/www.domsvitania.sk\/index.php?rest_route=\/wp\/v2\/posts"}],"about":[{"href":"https:\/\/www.domsvitania.sk\/index.php?rest_route=\/wp\/v2\/types\/post"}],"author":[{"embeddable":true,"href":"https:\/\/www.domsvitania.sk\/index.php?rest_route=\/wp\/v2\/users\/1"}],"replies":[{"embeddable":true,"href":"https:\/\/www.domsvitania.sk\/index.php?rest_route=%2Fwp%2Fv2%2Fcomments&post=157"}],"version-history":[{"count":2,"href":"https:\/\/www.domsvitania.sk\/index.php?rest_route=\/wp\/v2\/posts\/157\/revisions"}],"predecessor-version":[{"id":1001,"href":"https:\/\/www.domsvitania.sk\/index.php?rest_route=\/wp\/v2\/posts\/157\/revisions\/1001"}],"wp:featuredmedia":[{"embeddable":true,"href":"https:\/\/www.domsvitania.sk\/index.php?rest_route=\/wp\/v2\/media\/1002"}],"wp:attachment":[{"href":"https:\/\/www.domsvitania.sk\/index.php?rest_route=%2Fwp%2Fv2%2Fmedia&parent=157"}],"wp:term":[{"taxonomy":"category","embeddable":true,"href":"https:\/\/www.domsvitania.sk\/index.php?rest_route=%2Fwp%2Fv2%2Fcategories&post=157"},{"taxonomy":"post_tag","embeddable":true,"href":"https:\/\/www.domsvitania.sk\/index.php?rest_route=%2Fwp%2Fv2%2Ftags&post=157"}],"curies":[{"name":"wp","href":"https:\/\/api.w.org\/{rel}","templated":true}]}}