{"id":173,"date":"2016-03-15T15:42:12","date_gmt":"2016-03-15T14:42:12","guid":{"rendered":"https:\/\/wp.domsvitania.sk\/?p=173"},"modified":"2025-05-16T12:07:37","modified_gmt":"2025-05-16T10:07:37","slug":"vesely-pan-kaplan-v-dome-svitania","status":"publish","type":"post","link":"https:\/\/www.domsvitania.sk\/?p=173","title":{"rendered":"Vesel\u00fd p\u00e1n kapl\u00e1n v Dome Svitania"},"content":{"rendered":"<p>U\u017e od r\u00e1na sme sa te\u0161ili na vz\u00e1cnu n\u00e1v\u0161tevu, p\u00e1na kapl\u00e1na Mari\u00e1na Luk\u00e1\u010da z Malaciek. Bol u n\u00e1s minul\u00fd rok a pri\u0161iel aj teraz, aby n\u00e1m porozpr\u00e1val o Ve\u013ekej noci&#8230; <div class=\"fg_gallery\">\n<div class=\"fg_thumbnail\" style=\"width:166px;margin:0px 5px 5px 0px;\">\n<a title=\"My Gallery (1\/3)\" href=\"https:\/\/www.domsvitania.sk\/images\/2016VELKANOCLUKAC_1\/P1280509.jpg\"><img decoding=\"async\" src=\"https:\/\/www.domsvitania.sk\/images\/2016VELKANOCLUKAC_1\/cache_160x0\/p1280509.jpg\" style=\"width:160px;margin:0;padding:2px;border-width:1px;\" alt=\"My Gallery (1\/3)\" \/><\/a><\/div>\n<div class=\"fg_thumbnail\" style=\"width:166px;margin:0px 5px 5px 0px;\">\n<a title=\"My Gallery (2\/3)\" href=\"https:\/\/www.domsvitania.sk\/images\/2016VELKANOCLUKAC_1\/P1280514.jpg\"><img decoding=\"async\" src=\"https:\/\/www.domsvitania.sk\/images\/2016VELKANOCLUKAC_1\/cache_160x0\/p1280514.jpg\" style=\"width:160px;margin:0;padding:2px;border-width:1px;\" alt=\"My Gallery (2\/3)\" \/><\/a><\/div>\n<div class=\"fg_thumbnail\" style=\"width:166px;margin:0px 5px 5px 0px;\">\n<a title=\"My Gallery (3\/3)\" href=\"https:\/\/www.domsvitania.sk\/images\/2016VELKANOCLUKAC_1\/P1280517.jpg\"><img decoding=\"async\" src=\"https:\/\/www.domsvitania.sk\/images\/2016VELKANOCLUKAC_1\/cache_160x0\/p1280517.jpg\" style=\"width:160px;margin:0;padding:2px;border-width:1px;\" alt=\"My Gallery (3\/3)\" \/><\/a><\/div><br style=\"clear: both\" \/>\n<\/div>\n<\/p>\n<p><!--more--><\/p>\n<p>Hne\u010f po pr\u00edchode k n\u00e1m sme ho zobrali najprv do dieln\u00ed, aby videl, \u010do rob\u00edme a ako sa my chyst\u00e1me na Ve\u013ek\u00fa noc. Potom sme sa v\u0161etci usadili v rehabke ako v kine a p\u00e1n kapl\u00e1n za\u010dal rozpr\u00e1va\u0165. Premietal n\u00e1m aj obr\u00e1zky, priniesol ve\u013ek\u00fd rapk\u00e1\u010d (Ani\u010dka s n\u00edm zarapkala plnou silou, to bol rachot!) a dve dreven\u00e9 do\u0161ti\u010dky s obr\u00e1zkami kr\u00ed\u017eovej cesty. Na kr\u00ed\u017eovej ceste je 14 zastaven\u00ed, ale \u010dasto sa tam prid\u00e1va ako \u201ebonus\u201c aj p\u00e4tn\u00e1ste zastavenie a to je zm\u0155tvychvstanie.<br \/>\nZopakovali sme si, \u017ee p\u00f4stne obdobie trv\u00e1 40 dn\u00ed pred Ve\u013ekou nocou, za\u010d\u00edna sa na Popolcov\u00fa stredu. Na Kvetn\u00fa nede\u013eu, ktor\u00e1 bude u\u017e najbli\u017e\u0161iu nede\u013eu, si pripom\u00edname, ako Je\u017ei\u0161 vo\u0161iel na som\u00e1rovi do Jeruzalema Zlatou br\u00e1nou. \u013dudia mu kri\u010dali \u201eHosanna\u201c na sl\u00e1vu, v ruk\u00e1ch dr\u017eali palmov\u00e9 a olivov\u00e9 ratolesti. T\u00ed ist\u00ed \u013eudia ale o p\u00e1r dn\u00ed kri\u010dali: \u201eUkri\u017euj ho!\u201c. Ten ich nepr\u00edjemn\u00fd krik si pripom\u00edname t\u00fdm, \u017ee od Zelen\u00e9ho \u0161tvrtka a\u017e do Ve\u013ekono\u010dnej nedele s\u00fa zvony zaviazan\u00e9 (nepou\u017e\u00edvaj\u00fa sa), ale rapk\u00e1 sa rapk\u00e1\u010dmi namiesto zvonenia. Na Zelen\u00fd \u0161tvrtok si pripom\u00edname posledn\u00fa ve\u010deru. V tento de\u0148 p\u00e1pe\u017e pri obradoch um\u00fdva nohy in\u00fdm \u013eudom, minul\u00fd rok um\u00fdval nohy v\u00e4z\u0148om.<br \/>\nNa Ve\u013ek\u00fd piatok si pripom\u00edname ukri\u017eovanie. V kostole sa spievaj\u00fa pa\u0161ie a \u013eudia si \u0161peci\u00e1lne uctievaj\u00fa kr\u00ed\u017e. Na Bielu sobotu je Je\u017ei\u0161 v hrobe, \u013eudia chodia k Bo\u017eiemu hrobu a nielen do Jeruzalema, ale skoro v ka\u017edom kostole je mo\u017enos\u0165 \u00eds\u0165 si ucti\u0165 Bo\u017e\u00ed hrob. V sobotu v noci sa konaj\u00fa obrady vzkriesenia, v celom kostole je najprv tma, potom, ako si \u013eudia za\u017e\u00ednaj\u00fa sviece od pa\u0161k\u00e1la, postupne sa za\u010d\u00edna rozsvecova\u0165. Tieto no\u010dn\u00e9 obrady s\u00fa ve\u013emi pekn\u00e9 a radostn\u00e9. Na konci b\u00fdva pochod okolo kostola a znamen\u00e1 \u0161\u00edrenie dobrej zvesti do cel\u00e9ho sveta.<br \/>\nPo zauj\u00edmavej predn\u00e1\u0161ke sme sa p\u00e1na kapl\u00e1na e\u0161te v\u0161eli\u010do p\u00fdtali, dozvedeli sme sa odpovede a ve\u013ea zauj\u00edmav\u00fdch nov\u00fdch inform\u00e1ci\u00ed. Vy\u0161lo to akur\u00e1t tak, \u017ee po skon\u010den\u00ed n\u00e1\u0161ho stretnutia n\u00e1m priviezli obed, my sme p\u00e1novi kapl\u00e1novi po\u010fakovali, dali sme mu ako dar\u010dek ru\u010dne zdoben\u00e9 vaj\u00ed\u010dko (tzv. stromovajco), rozl\u00fa\u010dili sme sa a i\u0161li sme obedova\u0165. \u010eakujeme p\u00e1novi kapl\u00e1novi, \u017ee n\u00e1m urobil tak\u00fa pekn\u00fa ve\u013ekono\u010dn\u00fa predn\u00e1\u0161ku priamo v Dome Svitania.<\/p>\n<p>Pa\u0165ka Bu\u010dkov\u00e1 Kamilka Sestrienkov\u00e1<\/p>\n<div class=\"fg_gallery\">\n<div class=\"fg_thumbnail\" style=\"width:166px;margin:0px 5px 5px 0px;\">\n<a title=\"My Gallery (1\/9)\" href=\"https:\/\/www.domsvitania.sk\/images\/2016VELKANOCLUKAC_2\/P1280493.jpg\"><img decoding=\"async\" src=\"https:\/\/www.domsvitania.sk\/images\/2016VELKANOCLUKAC_2\/cache_160x0\/p1280493.jpg\" style=\"width:160px;margin:0;padding:2px;border-width:1px;\" alt=\"My Gallery (1\/9)\" \/><\/a><\/div>\n<div class=\"fg_thumbnail\" style=\"width:166px;margin:0px 5px 5px 0px;\">\n<a title=\"My Gallery (2\/9)\" href=\"https:\/\/www.domsvitania.sk\/images\/2016VELKANOCLUKAC_2\/P1280494.jpg\"><img decoding=\"async\" src=\"https:\/\/www.domsvitania.sk\/images\/2016VELKANOCLUKAC_2\/cache_160x0\/p1280494.jpg\" style=\"width:160px;margin:0;padding:2px;border-width:1px;\" alt=\"My Gallery (2\/9)\" \/><\/a><\/div>\n<div class=\"fg_thumbnail\" style=\"width:166px;margin:0px 5px 5px 0px;\">\n<a title=\"My Gallery (3\/9)\" href=\"https:\/\/www.domsvitania.sk\/images\/2016VELKANOCLUKAC_2\/P1280501.jpg\"><img decoding=\"async\" src=\"https:\/\/www.domsvitania.sk\/images\/2016VELKANOCLUKAC_2\/cache_160x0\/p1280501.jpg\" style=\"width:160px;margin:0;padding:2px;border-width:1px;\" alt=\"My Gallery (3\/9)\" \/><\/a><\/div>\n<div class=\"fg_thumbnail\" style=\"width:166px;margin:0px 5px 5px 0px;\">\n<a title=\"My Gallery (4\/9)\" href=\"https:\/\/www.domsvitania.sk\/images\/2016VELKANOCLUKAC_2\/P1280502.jpg\"><img decoding=\"async\" src=\"https:\/\/www.domsvitania.sk\/images\/2016VELKANOCLUKAC_2\/cache_160x0\/p1280502.jpg\" style=\"width:160px;margin:0;padding:2px;border-width:1px;\" alt=\"My Gallery (4\/9)\" \/><\/a><\/div>\n<div class=\"fg_thumbnail\" style=\"width:166px;margin:0px 5px 5px 0px;\">\n<a title=\"My Gallery (5\/9)\" href=\"https:\/\/www.domsvitania.sk\/images\/2016VELKANOCLUKAC_2\/P1280503.jpg\"><img decoding=\"async\" src=\"https:\/\/www.domsvitania.sk\/images\/2016VELKANOCLUKAC_2\/cache_160x0\/p1280503.jpg\" style=\"width:160px;margin:0;padding:2px;border-width:1px;\" alt=\"My Gallery (5\/9)\" \/><\/a><\/div>\n<div class=\"fg_thumbnail\" style=\"width:166px;margin:0px 5px 5px 0px;\">\n<a title=\"My Gallery (6\/9)\" href=\"https:\/\/www.domsvitania.sk\/images\/2016VELKANOCLUKAC_2\/P1280506.jpg\"><img decoding=\"async\" src=\"https:\/\/www.domsvitania.sk\/images\/2016VELKANOCLUKAC_2\/cache_160x0\/p1280506.jpg\" style=\"width:160px;margin:0;padding:2px;border-width:1px;\" alt=\"My Gallery (6\/9)\" \/><\/a><\/div>\n<div class=\"fg_thumbnail\" style=\"width:166px;margin:0px 5px 5px 0px;\">\n<a title=\"My Gallery (7\/9)\" href=\"https:\/\/www.domsvitania.sk\/images\/2016VELKANOCLUKAC_2\/P1280507.jpg\"><img decoding=\"async\" src=\"https:\/\/www.domsvitania.sk\/images\/2016VELKANOCLUKAC_2\/cache_160x0\/p1280507.jpg\" style=\"width:160px;margin:0;padding:2px;border-width:1px;\" alt=\"My Gallery (7\/9)\" \/><\/a><\/div>\n<div class=\"fg_thumbnail\" style=\"width:166px;margin:0px 5px 5px 0px;\">\n<a title=\"My Gallery (8\/9)\" href=\"https:\/\/www.domsvitania.sk\/images\/2016VELKANOCLUKAC_2\/P1280511.jpg\"><img decoding=\"async\" src=\"https:\/\/www.domsvitania.sk\/images\/2016VELKANOCLUKAC_2\/cache_160x0\/p1280511.jpg\" style=\"width:160px;margin:0;padding:2px;border-width:1px;\" alt=\"My Gallery (8\/9)\" \/><\/a><\/div>\n<div class=\"fg_thumbnail\" style=\"width:166px;margin:0px 5px 5px 0px;\">\n<a title=\"My Gallery (9\/9)\" href=\"https:\/\/www.domsvitania.sk\/images\/2016VELKANOCLUKAC_2\/P1280516.jpg\"><img decoding=\"async\" src=\"https:\/\/www.domsvitania.sk\/images\/2016VELKANOCLUKAC_2\/cache_160x0\/p1280516.jpg\" style=\"width:160px;margin:0;padding:2px;border-width:1px;\" alt=\"My Gallery (9\/9)\" \/><\/a><\/div><br style=\"clear: both\" \/>\n<\/div>\n\n","protected":false},"excerpt":{"rendered":"<p>U\u017e od r\u00e1na sme sa te\u0161ili na vz\u00e1cnu n\u00e1v\u0161tevu, p\u00e1na kapl\u00e1na Mari\u00e1na Luk\u00e1\u010da z Malaciek. Bol u n\u00e1s minul\u00fd rok a pri\u0161iel aj teraz, aby n\u00e1m porozpr\u00e1val o Ve\u013ekej noci&#8230;<\/p>\n","protected":false},"author":1,"featured_media":978,"comment_status":"open","ping_status":"open","sticky":false,"template":"","format":"standard","meta":{"_kad_post_transparent":"","_kad_post_title":"","_kad_post_layout":"","_kad_post_sidebar_id":"","_kad_post_content_style":"","_kad_post_vertical_padding":"","_kad_post_feature":"","_kad_post_feature_position":"","_kad_post_header":false,"_kad_post_footer":false,"_kad_post_classname":"","_jetpack_memberships_contains_paid_content":false,"footnotes":""},"categories":[57],"tags":[],"class_list":["post-173","post","type-post","status-publish","format-standard","has-post-thumbnail","hentry","category-archiv"],"yoast_head":"<!-- This site is optimized with the Yoast SEO plugin v26.7 - https:\/\/yoast.com\/wordpress\/plugins\/seo\/ -->\n<title>Vesel\u00fd p\u00e1n kapl\u00e1n v Dome Svitania - Dom Svitania<\/title>\n<meta name=\"robots\" content=\"index, follow, max-snippet:-1, max-image-preview:large, max-video-preview:-1\" \/>\n<link rel=\"canonical\" href=\"https:\/\/www.domsvitania.sk\/?p=173\" \/>\n<meta property=\"og:locale\" content=\"sk_SK\" \/>\n<meta property=\"og:type\" content=\"article\" \/>\n<meta property=\"og:title\" content=\"Vesel\u00fd p\u00e1n kapl\u00e1n v Dome Svitania - Dom Svitania\" \/>\n<meta property=\"og:description\" content=\"U\u017e od r\u00e1na sme sa te\u0161ili na vz\u00e1cnu n\u00e1v\u0161tevu, p\u00e1na kapl\u00e1na Mari\u00e1na Luk\u00e1\u010da z Malaciek. Bol u n\u00e1s minul\u00fd rok a pri\u0161iel aj teraz, aby n\u00e1m porozpr\u00e1val o Ve\u013ekej noci&#8230;\" \/>\n<meta property=\"og:url\" content=\"https:\/\/www.domsvitania.sk\/?p=173\" \/>\n<meta property=\"og:site_name\" content=\"Dom Svitania\" \/>\n<meta property=\"article:publisher\" content=\"https:\/\/www.facebook.com\/domsvitaniask\" \/>\n<meta property=\"article:published_time\" content=\"2016-03-15T14:42:12+00:00\" \/>\n<meta property=\"article:modified_time\" content=\"2025-05-16T10:07:37+00:00\" \/>\n<meta property=\"og:image\" content=\"https:\/\/www.domsvitania.sk\/wp-content\/uploads\/2016\/03\/P1280517-e1674409545398.jpg\" \/>\n\t<meta property=\"og:image:width\" content=\"480\" \/>\n\t<meta property=\"og:image:height\" content=\"406\" \/>\n\t<meta property=\"og:image:type\" content=\"image\/jpeg\" \/>\n<meta name=\"author\" content=\"admin\" \/>\n<meta name=\"twitter:card\" content=\"summary_large_image\" \/>\n<meta name=\"twitter:label1\" content=\"Autor\" \/>\n\t<meta name=\"twitter:data1\" content=\"admin\" \/>\n\t<meta name=\"twitter:label2\" content=\"Predpokladan\u00fd \u010das \u010d\u00edtania\" \/>\n\t<meta name=\"twitter:data2\" content=\"3 min\u00faty\" \/>\n<script type=\"application\/ld+json\" class=\"yoast-schema-graph\">{\"@context\":\"https:\/\/schema.org\",\"@graph\":[{\"@type\":\"Article\",\"@id\":\"https:\/\/www.domsvitania.sk\/?p=173#article\",\"isPartOf\":{\"@id\":\"https:\/\/www.domsvitania.sk\/?p=173\"},\"author\":{\"name\":\"admin\",\"@id\":\"https:\/\/www.domsvitania.sk\/#\/schema\/person\/0044dcfade948b8ffe79692cb498c42e\"},\"headline\":\"Vesel\u00fd p\u00e1n kapl\u00e1n v Dome Svitania\",\"datePublished\":\"2016-03-15T14:42:12+00:00\",\"dateModified\":\"2025-05-16T10:07:37+00:00\",\"mainEntityOfPage\":{\"@id\":\"https:\/\/www.domsvitania.sk\/?p=173\"},\"wordCount\":520,\"commentCount\":0,\"publisher\":{\"@id\":\"https:\/\/www.domsvitania.sk\/#organization\"},\"image\":{\"@id\":\"https:\/\/www.domsvitania.sk\/?p=173#primaryimage\"},\"thumbnailUrl\":\"https:\/\/www.domsvitania.sk\/wp-content\/uploads\/2016\/03\/P1280517-e1674409545398.jpg\",\"articleSection\":[\"Archiv\"],\"inLanguage\":\"sk-SK\",\"potentialAction\":[{\"@type\":\"CommentAction\",\"name\":\"Comment\",\"target\":[\"https:\/\/www.domsvitania.sk\/?p=173#respond\"]}]},{\"@type\":\"WebPage\",\"@id\":\"https:\/\/www.domsvitania.sk\/?p=173\",\"url\":\"https:\/\/www.domsvitania.sk\/?p=173\",\"name\":\"Vesel\u00fd p\u00e1n kapl\u00e1n v Dome Svitania - Dom Svitania\",\"isPartOf\":{\"@id\":\"https:\/\/www.domsvitania.sk\/#website\"},\"primaryImageOfPage\":{\"@id\":\"https:\/\/www.domsvitania.sk\/?p=173#primaryimage\"},\"image\":{\"@id\":\"https:\/\/www.domsvitania.sk\/?p=173#primaryimage\"},\"thumbnailUrl\":\"https:\/\/www.domsvitania.sk\/wp-content\/uploads\/2016\/03\/P1280517-e1674409545398.jpg\",\"datePublished\":\"2016-03-15T14:42:12+00:00\",\"dateModified\":\"2025-05-16T10:07:37+00:00\",\"breadcrumb\":{\"@id\":\"https:\/\/www.domsvitania.sk\/?p=173#breadcrumb\"},\"inLanguage\":\"sk-SK\",\"potentialAction\":[{\"@type\":\"ReadAction\",\"target\":[\"https:\/\/www.domsvitania.sk\/?p=173\"]}]},{\"@type\":\"ImageObject\",\"inLanguage\":\"sk-SK\",\"@id\":\"https:\/\/www.domsvitania.sk\/?p=173#primaryimage\",\"url\":\"https:\/\/www.domsvitania.sk\/wp-content\/uploads\/2016\/03\/P1280517-e1674409545398.jpg\",\"contentUrl\":\"https:\/\/www.domsvitania.sk\/wp-content\/uploads\/2016\/03\/P1280517-e1674409545398.jpg\",\"width\":480,\"height\":406},{\"@type\":\"BreadcrumbList\",\"@id\":\"https:\/\/www.domsvitania.sk\/?p=173#breadcrumb\",\"itemListElement\":[{\"@type\":\"ListItem\",\"position\":1,\"name\":\"Domovsk\u00e1 str\u00e1nka\",\"item\":\"https:\/\/www.domsvitania.sk\/\"},{\"@type\":\"ListItem\",\"position\":2,\"name\":\"Vesel\u00fd p\u00e1n kapl\u00e1n v Dome Svitania\"}]},{\"@type\":\"WebSite\",\"@id\":\"https:\/\/www.domsvitania.sk\/#website\",\"url\":\"https:\/\/www.domsvitania.sk\/\",\"name\":\"Dom Svitania\",\"description\":\"Rehabilita\u010dn\u00e9 stredisko a chr\u00e1nen\u00e1 diel\u0148a\",\"publisher\":{\"@id\":\"https:\/\/www.domsvitania.sk\/#organization\"},\"potentialAction\":[{\"@type\":\"SearchAction\",\"target\":{\"@type\":\"EntryPoint\",\"urlTemplate\":\"https:\/\/www.domsvitania.sk\/?s={search_term_string}\"},\"query-input\":{\"@type\":\"PropertyValueSpecification\",\"valueRequired\":true,\"valueName\":\"search_term_string\"}}],\"inLanguage\":\"sk-SK\"},{\"@type\":\"Organization\",\"@id\":\"https:\/\/www.domsvitania.sk\/#organization\",\"name\":\"Dom Svitania, n.o.\",\"url\":\"https:\/\/www.domsvitania.sk\/\",\"logo\":{\"@type\":\"ImageObject\",\"inLanguage\":\"sk-SK\",\"@id\":\"https:\/\/www.domsvitania.sk\/#\/schema\/logo\/image\/\",\"url\":\"https:\/\/www.domsvitania.sk\/wp-content\/uploads\/2023\/01\/dom_svitania_logo.jpg\",\"contentUrl\":\"https:\/\/www.domsvitania.sk\/wp-content\/uploads\/2023\/01\/dom_svitania_logo.jpg\",\"width\":243,\"height\":208,\"caption\":\"Dom Svitania, n.o.\"},\"image\":{\"@id\":\"https:\/\/www.domsvitania.sk\/#\/schema\/logo\/image\/\"},\"sameAs\":[\"https:\/\/www.facebook.com\/domsvitaniask\",\"https:\/\/www.instagram.com\/domsvitania\"]},{\"@type\":\"Person\",\"@id\":\"https:\/\/www.domsvitania.sk\/#\/schema\/person\/0044dcfade948b8ffe79692cb498c42e\",\"name\":\"admin\",\"image\":{\"@type\":\"ImageObject\",\"inLanguage\":\"sk-SK\",\"@id\":\"https:\/\/www.domsvitania.sk\/#\/schema\/person\/image\/\",\"url\":\"https:\/\/secure.gravatar.com\/avatar\/53ef7be8d1b92131e110e2a3f8fb8762d6e8986f8fd1802949720b8250706630?s=96&d=mm&r=g\",\"contentUrl\":\"https:\/\/secure.gravatar.com\/avatar\/53ef7be8d1b92131e110e2a3f8fb8762d6e8986f8fd1802949720b8250706630?s=96&d=mm&r=g\",\"caption\":\"admin\"},\"sameAs\":[\"http:\/\/wp.domsvitania.sk\"],\"url\":\"https:\/\/www.domsvitania.sk\/?author=1\"}]}<\/script>\n<!-- \/ Yoast SEO plugin. -->","yoast_head_json":{"title":"Vesel\u00fd p\u00e1n kapl\u00e1n v Dome Svitania - Dom Svitania","robots":{"index":"index","follow":"follow","max-snippet":"max-snippet:-1","max-image-preview":"max-image-preview:large","max-video-preview":"max-video-preview:-1"},"canonical":"https:\/\/www.domsvitania.sk\/?p=173","og_locale":"sk_SK","og_type":"article","og_title":"Vesel\u00fd p\u00e1n kapl\u00e1n v Dome Svitania - Dom Svitania","og_description":"U\u017e od r\u00e1na sme sa te\u0161ili na vz\u00e1cnu n\u00e1v\u0161tevu, p\u00e1na kapl\u00e1na Mari\u00e1na Luk\u00e1\u010da z Malaciek. Bol u n\u00e1s minul\u00fd rok a pri\u0161iel aj teraz, aby n\u00e1m porozpr\u00e1val o Ve\u013ekej noci&#8230;","og_url":"https:\/\/www.domsvitania.sk\/?p=173","og_site_name":"Dom Svitania","article_publisher":"https:\/\/www.facebook.com\/domsvitaniask","article_published_time":"2016-03-15T14:42:12+00:00","article_modified_time":"2025-05-16T10:07:37+00:00","og_image":[{"width":480,"height":406,"url":"https:\/\/www.domsvitania.sk\/wp-content\/uploads\/2016\/03\/P1280517-e1674409545398.jpg","type":"image\/jpeg"}],"author":"admin","twitter_card":"summary_large_image","twitter_misc":{"Autor":"admin","Predpokladan\u00fd \u010das \u010d\u00edtania":"3 min\u00faty"},"schema":{"@context":"https:\/\/schema.org","@graph":[{"@type":"Article","@id":"https:\/\/www.domsvitania.sk\/?p=173#article","isPartOf":{"@id":"https:\/\/www.domsvitania.sk\/?p=173"},"author":{"name":"admin","@id":"https:\/\/www.domsvitania.sk\/#\/schema\/person\/0044dcfade948b8ffe79692cb498c42e"},"headline":"Vesel\u00fd p\u00e1n kapl\u00e1n v Dome Svitania","datePublished":"2016-03-15T14:42:12+00:00","dateModified":"2025-05-16T10:07:37+00:00","mainEntityOfPage":{"@id":"https:\/\/www.domsvitania.sk\/?p=173"},"wordCount":520,"commentCount":0,"publisher":{"@id":"https:\/\/www.domsvitania.sk\/#organization"},"image":{"@id":"https:\/\/www.domsvitania.sk\/?p=173#primaryimage"},"thumbnailUrl":"https:\/\/www.domsvitania.sk\/wp-content\/uploads\/2016\/03\/P1280517-e1674409545398.jpg","articleSection":["Archiv"],"inLanguage":"sk-SK","potentialAction":[{"@type":"CommentAction","name":"Comment","target":["https:\/\/www.domsvitania.sk\/?p=173#respond"]}]},{"@type":"WebPage","@id":"https:\/\/www.domsvitania.sk\/?p=173","url":"https:\/\/www.domsvitania.sk\/?p=173","name":"Vesel\u00fd p\u00e1n kapl\u00e1n v Dome Svitania - Dom Svitania","isPartOf":{"@id":"https:\/\/www.domsvitania.sk\/#website"},"primaryImageOfPage":{"@id":"https:\/\/www.domsvitania.sk\/?p=173#primaryimage"},"image":{"@id":"https:\/\/www.domsvitania.sk\/?p=173#primaryimage"},"thumbnailUrl":"https:\/\/www.domsvitania.sk\/wp-content\/uploads\/2016\/03\/P1280517-e1674409545398.jpg","datePublished":"2016-03-15T14:42:12+00:00","dateModified":"2025-05-16T10:07:37+00:00","breadcrumb":{"@id":"https:\/\/www.domsvitania.sk\/?p=173#breadcrumb"},"inLanguage":"sk-SK","potentialAction":[{"@type":"ReadAction","target":["https:\/\/www.domsvitania.sk\/?p=173"]}]},{"@type":"ImageObject","inLanguage":"sk-SK","@id":"https:\/\/www.domsvitania.sk\/?p=173#primaryimage","url":"https:\/\/www.domsvitania.sk\/wp-content\/uploads\/2016\/03\/P1280517-e1674409545398.jpg","contentUrl":"https:\/\/www.domsvitania.sk\/wp-content\/uploads\/2016\/03\/P1280517-e1674409545398.jpg","width":480,"height":406},{"@type":"BreadcrumbList","@id":"https:\/\/www.domsvitania.sk\/?p=173#breadcrumb","itemListElement":[{"@type":"ListItem","position":1,"name":"Domovsk\u00e1 str\u00e1nka","item":"https:\/\/www.domsvitania.sk\/"},{"@type":"ListItem","position":2,"name":"Vesel\u00fd p\u00e1n kapl\u00e1n v Dome Svitania"}]},{"@type":"WebSite","@id":"https:\/\/www.domsvitania.sk\/#website","url":"https:\/\/www.domsvitania.sk\/","name":"Dom Svitania","description":"Rehabilita\u010dn\u00e9 stredisko a chr\u00e1nen\u00e1 diel\u0148a","publisher":{"@id":"https:\/\/www.domsvitania.sk\/#organization"},"potentialAction":[{"@type":"SearchAction","target":{"@type":"EntryPoint","urlTemplate":"https:\/\/www.domsvitania.sk\/?s={search_term_string}"},"query-input":{"@type":"PropertyValueSpecification","valueRequired":true,"valueName":"search_term_string"}}],"inLanguage":"sk-SK"},{"@type":"Organization","@id":"https:\/\/www.domsvitania.sk\/#organization","name":"Dom Svitania, n.o.","url":"https:\/\/www.domsvitania.sk\/","logo":{"@type":"ImageObject","inLanguage":"sk-SK","@id":"https:\/\/www.domsvitania.sk\/#\/schema\/logo\/image\/","url":"https:\/\/www.domsvitania.sk\/wp-content\/uploads\/2023\/01\/dom_svitania_logo.jpg","contentUrl":"https:\/\/www.domsvitania.sk\/wp-content\/uploads\/2023\/01\/dom_svitania_logo.jpg","width":243,"height":208,"caption":"Dom Svitania, n.o."},"image":{"@id":"https:\/\/www.domsvitania.sk\/#\/schema\/logo\/image\/"},"sameAs":["https:\/\/www.facebook.com\/domsvitaniask","https:\/\/www.instagram.com\/domsvitania"]},{"@type":"Person","@id":"https:\/\/www.domsvitania.sk\/#\/schema\/person\/0044dcfade948b8ffe79692cb498c42e","name":"admin","image":{"@type":"ImageObject","inLanguage":"sk-SK","@id":"https:\/\/www.domsvitania.sk\/#\/schema\/person\/image\/","url":"https:\/\/secure.gravatar.com\/avatar\/53ef7be8d1b92131e110e2a3f8fb8762d6e8986f8fd1802949720b8250706630?s=96&d=mm&r=g","contentUrl":"https:\/\/secure.gravatar.com\/avatar\/53ef7be8d1b92131e110e2a3f8fb8762d6e8986f8fd1802949720b8250706630?s=96&d=mm&r=g","caption":"admin"},"sameAs":["http:\/\/wp.domsvitania.sk"],"url":"https:\/\/www.domsvitania.sk\/?author=1"}]}},"jetpack_featured_media_url":"https:\/\/www.domsvitania.sk\/wp-content\/uploads\/2016\/03\/P1280517-e1674409545398.jpg","jetpack_sharing_enabled":true,"_links":{"self":[{"href":"https:\/\/www.domsvitania.sk\/index.php?rest_route=\/wp\/v2\/posts\/173","targetHints":{"allow":["GET"]}}],"collection":[{"href":"https:\/\/www.domsvitania.sk\/index.php?rest_route=\/wp\/v2\/posts"}],"about":[{"href":"https:\/\/www.domsvitania.sk\/index.php?rest_route=\/wp\/v2\/types\/post"}],"author":[{"embeddable":true,"href":"https:\/\/www.domsvitania.sk\/index.php?rest_route=\/wp\/v2\/users\/1"}],"replies":[{"embeddable":true,"href":"https:\/\/www.domsvitania.sk\/index.php?rest_route=%2Fwp%2Fv2%2Fcomments&post=173"}],"version-history":[{"count":2,"href":"https:\/\/www.domsvitania.sk\/index.php?rest_route=\/wp\/v2\/posts\/173\/revisions"}],"predecessor-version":[{"id":977,"href":"https:\/\/www.domsvitania.sk\/index.php?rest_route=\/wp\/v2\/posts\/173\/revisions\/977"}],"wp:featuredmedia":[{"embeddable":true,"href":"https:\/\/www.domsvitania.sk\/index.php?rest_route=\/wp\/v2\/media\/978"}],"wp:attachment":[{"href":"https:\/\/www.domsvitania.sk\/index.php?rest_route=%2Fwp%2Fv2%2Fmedia&parent=173"}],"wp:term":[{"taxonomy":"category","embeddable":true,"href":"https:\/\/www.domsvitania.sk\/index.php?rest_route=%2Fwp%2Fv2%2Fcategories&post=173"},{"taxonomy":"post_tag","embeddable":true,"href":"https:\/\/www.domsvitania.sk\/index.php?rest_route=%2Fwp%2Fv2%2Ftags&post=173"}],"curies":[{"name":"wp","href":"https:\/\/api.w.org\/{rel}","templated":true}]}}