{"id":260,"date":"2022-06-21T10:59:02","date_gmt":"2022-06-21T08:59:02","guid":{"rendered":"https:\/\/wp.domsvitania.sk\/?p=260"},"modified":"2025-02-28T14:05:22","modified_gmt":"2025-02-28T13:05:22","slug":"den-krivych-zrkadiel-v-jakubove","status":"publish","type":"post","link":"https:\/\/www.domsvitania.sk\/?p=260","title":{"rendered":"De\u0148 kriv\u00fdch zrkadiel v Jakubove"},"content":{"rendered":"<p>De\u0148 kriv\u00fdch zrkadiel je d\u0148om \u013eud\u00ed s ment\u00e1lnym postihnut\u00edm.<br \/>\n\u013dudia s ment\u00e1lnym postihnut\u00edm vyzeraj\u00fa neraz inak, neznamen\u00e1 to v\u0161ak, \u017ee s\u00fa hor\u0161\u00ed.<br \/>\nVy, obyvatelia Jakubova, pozn\u00e1te n\u00e1s \u2013 \u013eud\u00ed s hendikepom, z Domu Svitania. Stret\u00e1me sa denne a sme v\u00e1m za va\u0161u podporu v\u010fa\u010dn\u00ed.<\/p>\n<p>Tohtoro\u010dn\u00fd De\u0148 kriv\u00fdch zrkadiel sme str\u00e1vili s vami:<br \/>\ns \u00fa\u017easn\u00fdmi deti\u010dkami a pani u\u010dite\u013ekami v \u0161k\u00f4lke<br \/>\ns mil\u00fdmi d\u00e1mami na obecnom \u00farade, na po\u0161te, v obchode<br \/>\ns \u00fastretov\u00fdm p\u00e1nom vodi\u010dom autobusu<br \/>\ns mnoh\u00fdmi z v\u00e1s, ktor\u00fdch sme stretli v uliciach Jakubova<\/p>\n<p>Obdarovali sme v\u00e1s kr\u00e1snym v\u00fdrobkom z na\u0161ich dieln\u00ed. Porozpr\u00e1vali sme sa, odfotili sa spolu, pote\u0161ili sme sa pr\u00edjemne str\u00e1ven\u00fdm spolo\u010dn\u00fdm chv\u00ed\u013eam.<\/p>\n<p>\u010eakujeme v\u00e1m za to, \u017ee sme v tom spolu, \u017ee m\u00f4\u017eeme \u017ei\u0165 s vami, nie ved\u013ea v\u00e1s.<\/p>\n<div class=\"fg_gallery\">\n<div class=\"fg_thumbnail\" style=\"width:166px;margin:0px 5px 5px 0px;\">\n<a title=\"XXX (1\/5)\" href=\"https:\/\/www.domsvitania.sk\/images\/2022_DKZ\/DKZ_Posta.jpg\"><img decoding=\"async\" src=\"https:\/\/www.domsvitania.sk\/images\/2022_DKZ\/cache_160x0\/dkz_posta.jpg\" style=\"width:160px;margin:0;padding:2px;border-width:1px;\" alt=\"XXX (1\/5)\" \/><\/a><\/div>\n<div class=\"fg_thumbnail\" style=\"width:166px;margin:0px 5px 5px 0px;\">\n<a title=\"XXX (2\/5)\" href=\"https:\/\/www.domsvitania.sk\/images\/2022_DKZ\/Den_krivych_zrkadiel_1.jpg\"><img decoding=\"async\" src=\"https:\/\/www.domsvitania.sk\/images\/2022_DKZ\/cache_160x0\/den_krivych_zrkadiel_1.jpg\" style=\"width:160px;margin:0;padding:2px;border-width:1px;\" alt=\"XXX (2\/5)\" \/><\/a><\/div>\n<div class=\"fg_thumbnail\" style=\"width:166px;margin:0px 5px 5px 0px;\">\n<a title=\"XXX (3\/5)\" href=\"https:\/\/www.domsvitania.sk\/images\/2022_DKZ\/Den_krivych_zrkadiel_2.jpg\"><img decoding=\"async\" src=\"https:\/\/www.domsvitania.sk\/images\/2022_DKZ\/cache_160x0\/den_krivych_zrkadiel_2.jpg\" style=\"width:160px;margin:0;padding:2px;border-width:1px;\" alt=\"XXX (3\/5)\" \/><\/a><\/div>\n<div class=\"fg_thumbnail\" style=\"width:166px;margin:0px 5px 5px 0px;\">\n<a title=\"XXX (4\/5)\" href=\"https:\/\/www.domsvitania.sk\/images\/2022_DKZ\/Den_krivych_zrkadiel_3.jpg\"><img decoding=\"async\" src=\"https:\/\/www.domsvitania.sk\/images\/2022_DKZ\/cache_160x0\/den_krivych_zrkadiel_3.jpg\" style=\"width:160px;margin:0;padding:2px;border-width:1px;\" alt=\"XXX (4\/5)\" \/><\/a><\/div>\n<div class=\"fg_thumbnail\" style=\"width:166px;margin:0px 5px 5px 0px;\">\n<a title=\"XXX (5\/5)\" href=\"https:\/\/www.domsvitania.sk\/images\/2022_DKZ\/Den_krivych_zrkadiel_4.jpg\"><img decoding=\"async\" src=\"https:\/\/www.domsvitania.sk\/images\/2022_DKZ\/cache_160x0\/den_krivych_zrkadiel_4.jpg\" style=\"width:160px;margin:0;padding:2px;border-width:1px;\" alt=\"XXX (5\/5)\" \/><\/a><\/div><br style=\"clear: both\" \/>\n<\/div>\n\n","protected":false},"excerpt":{"rendered":"<p>De\u0148 kriv\u00fdch zrkadiel je d\u0148om \u013eud\u00ed s ment\u00e1lnym postihnut\u00edm. \u013dudia s ment\u00e1lnym postihnut\u00edm vyzeraj\u00fa neraz inak, neznamen\u00e1 to v\u0161ak, \u017ee s\u00fa hor\u0161\u00ed. Vy, obyvatelia Jakubova, pozn\u00e1te n\u00e1s \u2013 \u013eud\u00ed s hendikepom, z Domu Svitania. Stret\u00e1me sa denne a sme v\u00e1m za va\u0161u podporu v\u010fa\u010dn\u00ed. Tohtoro\u010dn\u00fd De\u0148 kriv\u00fdch zrkadiel sme str\u00e1vili s vami: s \u00fa\u017easn\u00fdmi deti\u010dkami&#8230;<\/p>\n","protected":false},"author":1,"featured_media":1345,"comment_status":"open","ping_status":"open","sticky":false,"template":"","format":"standard","meta":{"_kad_post_transparent":"","_kad_post_title":"","_kad_post_layout":"","_kad_post_sidebar_id":"","_kad_post_content_style":"","_kad_post_vertical_padding":"","_kad_post_feature":"","_kad_post_feature_position":"","_kad_post_header":false,"_kad_post_footer":false,"_kad_post_classname":"","_jetpack_memberships_contains_paid_content":false,"footnotes":""},"categories":[57],"tags":[],"class_list":["post-260","post","type-post","status-publish","format-standard","has-post-thumbnail","hentry","category-archiv"],"yoast_head":"<!-- This site is optimized with the Yoast SEO plugin v26.7 - https:\/\/yoast.com\/wordpress\/plugins\/seo\/ -->\n<title>De\u0148 kriv\u00fdch zrkadiel v Jakubove - Dom Svitania<\/title>\n<meta name=\"robots\" content=\"index, follow, max-snippet:-1, max-image-preview:large, max-video-preview:-1\" \/>\n<link rel=\"canonical\" href=\"https:\/\/www.domsvitania.sk\/?p=260\" \/>\n<meta property=\"og:locale\" content=\"sk_SK\" \/>\n<meta property=\"og:type\" content=\"article\" \/>\n<meta property=\"og:title\" content=\"De\u0148 kriv\u00fdch zrkadiel v Jakubove - Dom Svitania\" \/>\n<meta property=\"og:description\" content=\"De\u0148 kriv\u00fdch zrkadiel je d\u0148om \u013eud\u00ed s ment\u00e1lnym postihnut\u00edm. \u013dudia s ment\u00e1lnym postihnut\u00edm vyzeraj\u00fa neraz inak, neznamen\u00e1 to v\u0161ak, \u017ee s\u00fa hor\u0161\u00ed. Vy, obyvatelia Jakubova, pozn\u00e1te n\u00e1s \u2013 \u013eud\u00ed s hendikepom, z Domu Svitania. Stret\u00e1me sa denne a sme v\u00e1m za va\u0161u podporu v\u010fa\u010dn\u00ed. Tohtoro\u010dn\u00fd De\u0148 kriv\u00fdch zrkadiel sme str\u00e1vili s vami: s \u00fa\u017easn\u00fdmi deti\u010dkami...\" \/>\n<meta property=\"og:url\" content=\"https:\/\/www.domsvitania.sk\/?p=260\" \/>\n<meta property=\"og:site_name\" content=\"Dom Svitania\" \/>\n<meta property=\"article:publisher\" content=\"https:\/\/www.facebook.com\/domsvitaniask\" \/>\n<meta property=\"article:published_time\" content=\"2022-06-21T08:59:02+00:00\" \/>\n<meta property=\"article:modified_time\" content=\"2025-02-28T13:05:22+00:00\" \/>\n<meta property=\"og:image\" content=\"https:\/\/www.domsvitania.sk\/wp-content\/uploads\/2022\/06\/Den_krivych_zrkadiel_3-1.jpg\" \/>\n\t<meta property=\"og:image:width\" content=\"1324\" \/>\n\t<meta property=\"og:image:height\" content=\"761\" \/>\n\t<meta property=\"og:image:type\" content=\"image\/jpeg\" \/>\n<meta name=\"author\" content=\"admin\" \/>\n<meta name=\"twitter:card\" content=\"summary_large_image\" \/>\n<meta name=\"twitter:label1\" content=\"Autor\" \/>\n\t<meta name=\"twitter:data1\" content=\"admin\" \/>\n\t<meta name=\"twitter:label2\" content=\"Predpokladan\u00fd \u010das \u010d\u00edtania\" \/>\n\t<meta name=\"twitter:data2\" content=\"1 min\u00fata\" \/>\n<script type=\"application\/ld+json\" class=\"yoast-schema-graph\">{\"@context\":\"https:\/\/schema.org\",\"@graph\":[{\"@type\":\"Article\",\"@id\":\"https:\/\/www.domsvitania.sk\/?p=260#article\",\"isPartOf\":{\"@id\":\"https:\/\/www.domsvitania.sk\/?p=260\"},\"author\":{\"name\":\"admin\",\"@id\":\"https:\/\/www.domsvitania.sk\/#\/schema\/person\/0044dcfade948b8ffe79692cb498c42e\"},\"headline\":\"De\u0148 kriv\u00fdch zrkadiel v Jakubove\",\"datePublished\":\"2022-06-21T08:59:02+00:00\",\"dateModified\":\"2025-02-28T13:05:22+00:00\",\"mainEntityOfPage\":{\"@id\":\"https:\/\/www.domsvitania.sk\/?p=260\"},\"wordCount\":181,\"commentCount\":0,\"publisher\":{\"@id\":\"https:\/\/www.domsvitania.sk\/#organization\"},\"image\":{\"@id\":\"https:\/\/www.domsvitania.sk\/?p=260#primaryimage\"},\"thumbnailUrl\":\"https:\/\/www.domsvitania.sk\/wp-content\/uploads\/2022\/06\/Den_krivych_zrkadiel_3-1.jpg\",\"articleSection\":[\"Archiv\"],\"inLanguage\":\"sk-SK\",\"potentialAction\":[{\"@type\":\"CommentAction\",\"name\":\"Comment\",\"target\":[\"https:\/\/www.domsvitania.sk\/?p=260#respond\"]}]},{\"@type\":\"WebPage\",\"@id\":\"https:\/\/www.domsvitania.sk\/?p=260\",\"url\":\"https:\/\/www.domsvitania.sk\/?p=260\",\"name\":\"De\u0148 kriv\u00fdch zrkadiel v Jakubove - Dom Svitania\",\"isPartOf\":{\"@id\":\"https:\/\/www.domsvitania.sk\/#website\"},\"primaryImageOfPage\":{\"@id\":\"https:\/\/www.domsvitania.sk\/?p=260#primaryimage\"},\"image\":{\"@id\":\"https:\/\/www.domsvitania.sk\/?p=260#primaryimage\"},\"thumbnailUrl\":\"https:\/\/www.domsvitania.sk\/wp-content\/uploads\/2022\/06\/Den_krivych_zrkadiel_3-1.jpg\",\"datePublished\":\"2022-06-21T08:59:02+00:00\",\"dateModified\":\"2025-02-28T13:05:22+00:00\",\"breadcrumb\":{\"@id\":\"https:\/\/www.domsvitania.sk\/?p=260#breadcrumb\"},\"inLanguage\":\"sk-SK\",\"potentialAction\":[{\"@type\":\"ReadAction\",\"target\":[\"https:\/\/www.domsvitania.sk\/?p=260\"]}]},{\"@type\":\"ImageObject\",\"inLanguage\":\"sk-SK\",\"@id\":\"https:\/\/www.domsvitania.sk\/?p=260#primaryimage\",\"url\":\"https:\/\/www.domsvitania.sk\/wp-content\/uploads\/2022\/06\/Den_krivych_zrkadiel_3-1.jpg\",\"contentUrl\":\"https:\/\/www.domsvitania.sk\/wp-content\/uploads\/2022\/06\/Den_krivych_zrkadiel_3-1.jpg\",\"width\":1324,\"height\":761},{\"@type\":\"BreadcrumbList\",\"@id\":\"https:\/\/www.domsvitania.sk\/?p=260#breadcrumb\",\"itemListElement\":[{\"@type\":\"ListItem\",\"position\":1,\"name\":\"Domovsk\u00e1 str\u00e1nka\",\"item\":\"https:\/\/www.domsvitania.sk\/\"},{\"@type\":\"ListItem\",\"position\":2,\"name\":\"De\u0148 kriv\u00fdch zrkadiel v Jakubove\"}]},{\"@type\":\"WebSite\",\"@id\":\"https:\/\/www.domsvitania.sk\/#website\",\"url\":\"https:\/\/www.domsvitania.sk\/\",\"name\":\"Dom Svitania\",\"description\":\"Rehabilita\u010dn\u00e9 stredisko a chr\u00e1nen\u00e1 diel\u0148a\",\"publisher\":{\"@id\":\"https:\/\/www.domsvitania.sk\/#organization\"},\"potentialAction\":[{\"@type\":\"SearchAction\",\"target\":{\"@type\":\"EntryPoint\",\"urlTemplate\":\"https:\/\/www.domsvitania.sk\/?s={search_term_string}\"},\"query-input\":{\"@type\":\"PropertyValueSpecification\",\"valueRequired\":true,\"valueName\":\"search_term_string\"}}],\"inLanguage\":\"sk-SK\"},{\"@type\":\"Organization\",\"@id\":\"https:\/\/www.domsvitania.sk\/#organization\",\"name\":\"Dom Svitania, n.o.\",\"url\":\"https:\/\/www.domsvitania.sk\/\",\"logo\":{\"@type\":\"ImageObject\",\"inLanguage\":\"sk-SK\",\"@id\":\"https:\/\/www.domsvitania.sk\/#\/schema\/logo\/image\/\",\"url\":\"https:\/\/www.domsvitania.sk\/wp-content\/uploads\/2023\/01\/dom_svitania_logo.jpg\",\"contentUrl\":\"https:\/\/www.domsvitania.sk\/wp-content\/uploads\/2023\/01\/dom_svitania_logo.jpg\",\"width\":243,\"height\":208,\"caption\":\"Dom Svitania, n.o.\"},\"image\":{\"@id\":\"https:\/\/www.domsvitania.sk\/#\/schema\/logo\/image\/\"},\"sameAs\":[\"https:\/\/www.facebook.com\/domsvitaniask\",\"https:\/\/www.instagram.com\/domsvitania\"]},{\"@type\":\"Person\",\"@id\":\"https:\/\/www.domsvitania.sk\/#\/schema\/person\/0044dcfade948b8ffe79692cb498c42e\",\"name\":\"admin\",\"image\":{\"@type\":\"ImageObject\",\"inLanguage\":\"sk-SK\",\"@id\":\"https:\/\/www.domsvitania.sk\/#\/schema\/person\/image\/\",\"url\":\"https:\/\/secure.gravatar.com\/avatar\/53ef7be8d1b92131e110e2a3f8fb8762d6e8986f8fd1802949720b8250706630?s=96&d=mm&r=g\",\"contentUrl\":\"https:\/\/secure.gravatar.com\/avatar\/53ef7be8d1b92131e110e2a3f8fb8762d6e8986f8fd1802949720b8250706630?s=96&d=mm&r=g\",\"caption\":\"admin\"},\"sameAs\":[\"http:\/\/wp.domsvitania.sk\"],\"url\":\"https:\/\/www.domsvitania.sk\/?author=1\"}]}<\/script>\n<!-- \/ Yoast SEO plugin. -->","yoast_head_json":{"title":"De\u0148 kriv\u00fdch zrkadiel v Jakubove - Dom Svitania","robots":{"index":"index","follow":"follow","max-snippet":"max-snippet:-1","max-image-preview":"max-image-preview:large","max-video-preview":"max-video-preview:-1"},"canonical":"https:\/\/www.domsvitania.sk\/?p=260","og_locale":"sk_SK","og_type":"article","og_title":"De\u0148 kriv\u00fdch zrkadiel v Jakubove - Dom Svitania","og_description":"De\u0148 kriv\u00fdch zrkadiel je d\u0148om \u013eud\u00ed s ment\u00e1lnym postihnut\u00edm. \u013dudia s ment\u00e1lnym postihnut\u00edm vyzeraj\u00fa neraz inak, neznamen\u00e1 to v\u0161ak, \u017ee s\u00fa hor\u0161\u00ed. Vy, obyvatelia Jakubova, pozn\u00e1te n\u00e1s \u2013 \u013eud\u00ed s hendikepom, z Domu Svitania. Stret\u00e1me sa denne a sme v\u00e1m za va\u0161u podporu v\u010fa\u010dn\u00ed. Tohtoro\u010dn\u00fd De\u0148 kriv\u00fdch zrkadiel sme str\u00e1vili s vami: s \u00fa\u017easn\u00fdmi deti\u010dkami...","og_url":"https:\/\/www.domsvitania.sk\/?p=260","og_site_name":"Dom Svitania","article_publisher":"https:\/\/www.facebook.com\/domsvitaniask","article_published_time":"2022-06-21T08:59:02+00:00","article_modified_time":"2025-02-28T13:05:22+00:00","og_image":[{"width":1324,"height":761,"url":"https:\/\/www.domsvitania.sk\/wp-content\/uploads\/2022\/06\/Den_krivych_zrkadiel_3-1.jpg","type":"image\/jpeg"}],"author":"admin","twitter_card":"summary_large_image","twitter_misc":{"Autor":"admin","Predpokladan\u00fd \u010das \u010d\u00edtania":"1 min\u00fata"},"schema":{"@context":"https:\/\/schema.org","@graph":[{"@type":"Article","@id":"https:\/\/www.domsvitania.sk\/?p=260#article","isPartOf":{"@id":"https:\/\/www.domsvitania.sk\/?p=260"},"author":{"name":"admin","@id":"https:\/\/www.domsvitania.sk\/#\/schema\/person\/0044dcfade948b8ffe79692cb498c42e"},"headline":"De\u0148 kriv\u00fdch zrkadiel v Jakubove","datePublished":"2022-06-21T08:59:02+00:00","dateModified":"2025-02-28T13:05:22+00:00","mainEntityOfPage":{"@id":"https:\/\/www.domsvitania.sk\/?p=260"},"wordCount":181,"commentCount":0,"publisher":{"@id":"https:\/\/www.domsvitania.sk\/#organization"},"image":{"@id":"https:\/\/www.domsvitania.sk\/?p=260#primaryimage"},"thumbnailUrl":"https:\/\/www.domsvitania.sk\/wp-content\/uploads\/2022\/06\/Den_krivych_zrkadiel_3-1.jpg","articleSection":["Archiv"],"inLanguage":"sk-SK","potentialAction":[{"@type":"CommentAction","name":"Comment","target":["https:\/\/www.domsvitania.sk\/?p=260#respond"]}]},{"@type":"WebPage","@id":"https:\/\/www.domsvitania.sk\/?p=260","url":"https:\/\/www.domsvitania.sk\/?p=260","name":"De\u0148 kriv\u00fdch zrkadiel v Jakubove - Dom Svitania","isPartOf":{"@id":"https:\/\/www.domsvitania.sk\/#website"},"primaryImageOfPage":{"@id":"https:\/\/www.domsvitania.sk\/?p=260#primaryimage"},"image":{"@id":"https:\/\/www.domsvitania.sk\/?p=260#primaryimage"},"thumbnailUrl":"https:\/\/www.domsvitania.sk\/wp-content\/uploads\/2022\/06\/Den_krivych_zrkadiel_3-1.jpg","datePublished":"2022-06-21T08:59:02+00:00","dateModified":"2025-02-28T13:05:22+00:00","breadcrumb":{"@id":"https:\/\/www.domsvitania.sk\/?p=260#breadcrumb"},"inLanguage":"sk-SK","potentialAction":[{"@type":"ReadAction","target":["https:\/\/www.domsvitania.sk\/?p=260"]}]},{"@type":"ImageObject","inLanguage":"sk-SK","@id":"https:\/\/www.domsvitania.sk\/?p=260#primaryimage","url":"https:\/\/www.domsvitania.sk\/wp-content\/uploads\/2022\/06\/Den_krivych_zrkadiel_3-1.jpg","contentUrl":"https:\/\/www.domsvitania.sk\/wp-content\/uploads\/2022\/06\/Den_krivych_zrkadiel_3-1.jpg","width":1324,"height":761},{"@type":"BreadcrumbList","@id":"https:\/\/www.domsvitania.sk\/?p=260#breadcrumb","itemListElement":[{"@type":"ListItem","position":1,"name":"Domovsk\u00e1 str\u00e1nka","item":"https:\/\/www.domsvitania.sk\/"},{"@type":"ListItem","position":2,"name":"De\u0148 kriv\u00fdch zrkadiel v Jakubove"}]},{"@type":"WebSite","@id":"https:\/\/www.domsvitania.sk\/#website","url":"https:\/\/www.domsvitania.sk\/","name":"Dom Svitania","description":"Rehabilita\u010dn\u00e9 stredisko a chr\u00e1nen\u00e1 diel\u0148a","publisher":{"@id":"https:\/\/www.domsvitania.sk\/#organization"},"potentialAction":[{"@type":"SearchAction","target":{"@type":"EntryPoint","urlTemplate":"https:\/\/www.domsvitania.sk\/?s={search_term_string}"},"query-input":{"@type":"PropertyValueSpecification","valueRequired":true,"valueName":"search_term_string"}}],"inLanguage":"sk-SK"},{"@type":"Organization","@id":"https:\/\/www.domsvitania.sk\/#organization","name":"Dom Svitania, n.o.","url":"https:\/\/www.domsvitania.sk\/","logo":{"@type":"ImageObject","inLanguage":"sk-SK","@id":"https:\/\/www.domsvitania.sk\/#\/schema\/logo\/image\/","url":"https:\/\/www.domsvitania.sk\/wp-content\/uploads\/2023\/01\/dom_svitania_logo.jpg","contentUrl":"https:\/\/www.domsvitania.sk\/wp-content\/uploads\/2023\/01\/dom_svitania_logo.jpg","width":243,"height":208,"caption":"Dom Svitania, n.o."},"image":{"@id":"https:\/\/www.domsvitania.sk\/#\/schema\/logo\/image\/"},"sameAs":["https:\/\/www.facebook.com\/domsvitaniask","https:\/\/www.instagram.com\/domsvitania"]},{"@type":"Person","@id":"https:\/\/www.domsvitania.sk\/#\/schema\/person\/0044dcfade948b8ffe79692cb498c42e","name":"admin","image":{"@type":"ImageObject","inLanguage":"sk-SK","@id":"https:\/\/www.domsvitania.sk\/#\/schema\/person\/image\/","url":"https:\/\/secure.gravatar.com\/avatar\/53ef7be8d1b92131e110e2a3f8fb8762d6e8986f8fd1802949720b8250706630?s=96&d=mm&r=g","contentUrl":"https:\/\/secure.gravatar.com\/avatar\/53ef7be8d1b92131e110e2a3f8fb8762d6e8986f8fd1802949720b8250706630?s=96&d=mm&r=g","caption":"admin"},"sameAs":["http:\/\/wp.domsvitania.sk"],"url":"https:\/\/www.domsvitania.sk\/?author=1"}]}},"jetpack_featured_media_url":"https:\/\/www.domsvitania.sk\/wp-content\/uploads\/2022\/06\/Den_krivych_zrkadiel_3-1.jpg","jetpack_sharing_enabled":true,"_links":{"self":[{"href":"https:\/\/www.domsvitania.sk\/index.php?rest_route=\/wp\/v2\/posts\/260","targetHints":{"allow":["GET"]}}],"collection":[{"href":"https:\/\/www.domsvitania.sk\/index.php?rest_route=\/wp\/v2\/posts"}],"about":[{"href":"https:\/\/www.domsvitania.sk\/index.php?rest_route=\/wp\/v2\/types\/post"}],"author":[{"embeddable":true,"href":"https:\/\/www.domsvitania.sk\/index.php?rest_route=\/wp\/v2\/users\/1"}],"replies":[{"embeddable":true,"href":"https:\/\/www.domsvitania.sk\/index.php?rest_route=%2Fwp%2Fv2%2Fcomments&post=260"}],"version-history":[{"count":4,"href":"https:\/\/www.domsvitania.sk\/index.php?rest_route=\/wp\/v2\/posts\/260\/revisions"}],"predecessor-version":[{"id":274,"href":"https:\/\/www.domsvitania.sk\/index.php?rest_route=\/wp\/v2\/posts\/260\/revisions\/274"}],"wp:featuredmedia":[{"embeddable":true,"href":"https:\/\/www.domsvitania.sk\/index.php?rest_route=\/wp\/v2\/media\/1345"}],"wp:attachment":[{"href":"https:\/\/www.domsvitania.sk\/index.php?rest_route=%2Fwp%2Fv2%2Fmedia&parent=260"}],"wp:term":[{"taxonomy":"category","embeddable":true,"href":"https:\/\/www.domsvitania.sk\/index.php?rest_route=%2Fwp%2Fv2%2Fcategories&post=260"},{"taxonomy":"post_tag","embeddable":true,"href":"https:\/\/www.domsvitania.sk\/index.php?rest_route=%2Fwp%2Fv2%2Ftags&post=260"}],"curies":[{"name":"wp","href":"https:\/\/api.w.org\/{rel}","templated":true}]}}