{"id":34,"date":"2009-06-22T00:01:38","date_gmt":"2009-06-21T22:01:38","guid":{"rendered":"https:\/\/wp.domsvitania.sk\/?p=34"},"modified":"2025-02-28T14:29:20","modified_gmt":"2025-02-28T13:29:20","slug":"wales-pracovna-cesta","status":"publish","type":"post","link":"https:\/\/www.domsvitania.sk\/?p=34","title":{"rendered":"Wales \u2013 pracovn\u00e1 cesta"},"content":{"rendered":"<p>V d\u0148och 29.5. \u2013 5.6.2009 sme sa z\u00fa\u010dastnili pracovn\u00e9ho stretnutia projektu<br \/>\n\u201cEur\u00f3pska \u0161kola soci\u00e1lneho podnikania\u201c vo Walese. Na stretnutie n\u00e1s pozval partner projektu SIAWNS TEG z Ve\u013ekej Brit\u00e1nie &#8211; Walesu a Agent\u00fara \u0161pecializovan\u00fdch slu\u017eieb pre autistov a in\u00e9 zdravotn\u00e9 postihnutia v Bratislave. Tret\u00edm partnerom projektu je EMIT CZ, s.r.o. z \u010ceskej republiky.<\/p>\n<p><!--more--><br \/>\nHlavn\u00fdm cie\u013eom tohto projektu je roz\u0161\u00edri\u0165 partnerstvo, spozna\u0165 partnersk\u00e9 organiz\u00e1cie a neform\u00e1lnym vzdel\u00e1van\u00edm sa obozn\u00e1mi\u0165 s ich aktu\u00e1lnou \u010dinnos\u0165ou v oblasti soci\u00e1lneho podnikania \u2013 partneri sa navz\u00e1jom u\u010dia cez legislat\u00edvne, organiza\u010dn\u00e9, finan\u010dn\u00e9 a in\u00e9 podmienky spozna\u0165 kontext soci\u00e1lneho podnikania v jednotliv\u00fdch krajin\u00e1ch zapojen\u00fdch do u\u010diaceho sa partnerstva.<br \/>\nNav\u0161t\u00edvili sme niektor\u00e9 soci\u00e1lne podniky v meste Newtown a v oblasti Powys, je ich tu cca 2500.<br \/>\nPo cel\u00fd t\u00fd\u017ede\u0148 n\u00e1s sprev\u00e1dzali nesmierne mil\u00ed \u013eudia a ve\u013emi netypick\u00e9 anglick\u00e9 po\u010dasie \u2013 bolo tak kr\u00e1sne, \u017ee dom\u00e1ci sa nevedeli vyna\u010dudova\u0165. Pobyt n\u00e1m priniesol cenn\u00e9 osobn\u00e9 sk\u00fasenosti, pracovn\u00e9 partnerstv\u00e1, nov\u00e9 priate\u013estv\u00e1 a pocit, \u017ee aj my na Slovensku vieme robi\u0165 to, \u010do robia inde v Eur\u00f3pe.<\/p>\n<p>Mgr. Stefi Nov\u00e1kov\u00e1<\/p>\n<p>&nbsp;<\/p>\n<hr>\n<p>&nbsp;<\/p>\n<p>29.5. 2009<br \/>\nOdchod s Jakubova , 7:15, pr\u00edchod letisko BA 7:50 ,odlet 9:30 pr\u00edlet men\u010dester 12:00<br \/>\nHotel Bell- Newton 15:00 hod. leteli sme z Skyeurope erlians.<\/p>\n<p>U\u017e som sa te\u0161ila . Cestou na letisko sme chutili jednu kol\u00f3nu i\u0161li sme Ninin\u00fdm autom ona n\u00e1s u\u017e \u010dakala na letisku .Pri\u0161li sme na letisko v\u010das .Ke\u010f sme dorazili i\u0161li sme odovzda\u0165 bato\u017einu a kaviare\u0148 bola na\u0161a. Po vyzvan\u00ed sme i\u0161li k v\u00fdchodu ktor\u00fd n\u00e1m udali. V \u010dakacej z\u00f3ne bolo teplo .Kone\u010dne sme i\u0161li do lietadla ,i\u0161la som do predu a h\u013eadala som na\u0161e miesta. Ja som mala 14 D a Stefi 14 F.Starosta Ru\u017einova sedel s nami v trojke .usadili sme sa v lietadle ,uk\u00e1zali n\u00e1m ako sa pou\u017e\u00edva nafukovacia vesta a v\u0161etko \u010do by sme mali vedie\u0165 .Hl\u00e1sili \u017ee sa Fero nedostavil . nakoniec sme zistili \u017ee je vo vezen\u00ed ale bato\u017eina mu pri\u0161la lebo v Men\u017eestri chodila st\u00e1le jedna kabela st\u00e1le dokola .Najprv sme sa tro\u0161ku povozili po ranveji ale potom sme vy\u0161tartovali ako z gumipu\u0161ky bola to sranda. Ked sme i\u0161li hore pozerala som na zem ale ke\u010f za\u010dali mraky nevidela som ni\u010d. V lietadle rozn\u00e1\u0161ali ob\u010derstvenie . ja som si k\u00fapila mafinku. Pri jeden\u00ed som pozerala dole na zem mraky boli ako na\u0161\u013eahan\u00fd sneh ,kr\u00e1sne. Preletovali sme turbulenciami. Sedela som dole pod kr\u00eddlom .Leteli sme vo v\u00fd\u0161ke 10 000km nad zemou a -50 stup\u0148ov Celzia. Leteli sme 2 hodiny aj nie\u010do. Let bol pr\u00edjemn\u00fd .Pri prist\u00e1van\u00ed sme sa to\u010dili 4x zosadli sme dolu ako na bobovej dr\u00e1he .Lietadlo sa pripojilo ku chodbi\u010dke zo schodmi. Pre\u0161li sme pasovou kontrolou a i\u0161li sme si pre bato\u017einu .Mali pokazen\u00fd p\u00e1s. Dlho sme \u010dakali ale nakoniec pri\u0161li .Ja zo Stefi sme mali najv\u00e4\u010d\u0161ie kufre z na\u0161ich . \u010cakal n\u00e1s tam u\u017e mini bus zelen\u00fd ako m\u00e1me mi M\u00ednu, \u0161of\u00e9roval Alan. I\u0161li sme 2 a pol hodiny do Newtonu. Na l\u00fakach sa p\u00e1sli ove\u010dky , kravy ,kone ale videli sme aj h\u00fasky. Mne sa p\u00e1\u010dili mal\u00e9 aj v\u00e4\u010d\u0161ie dom\u010deky s peknou predz\u00e1hradkou a dvorom. Ke\u010f sme pri\u0161li k hotelu pobrali sme si kufre a i\u0161li sme do izieb. My 2 sme mali 10 .Hotel mal mal\u00e9 \u00fazke chodbi\u010dky a ale aj \u0161ialen\u00e9 schody hlavne 19-20 izba. Ja som i\u0161la prv\u00e1 popozerala som si cel\u00fa izbu no mal\u00e1 k\u00fapelka sprcha s kole\u010dkom ,z\u00e1chod p\u00e1ka a na miesto WC papieru kozmetick\u00e9 utierky. Nemohla som n\u00e1js\u0165 zastr\u010dky ale na\u0161la som bola potrebn\u00e1 redukcia (slovensk\u00e1 zastr\u010dka ktor\u00e1 sa zasunula do ich z\u00e1str\u010dky. Podala som hl\u00e1senie ak\u00e1 je izba. Mne sa p\u00e1\u010dila. My dve sme si i\u0161li odpo\u010din\u00fa\u0165 a potom sme sa i\u0161li prejs\u0165 do mesta .dohodli sme sa, Stret\u00e1vka pred hotelom a i\u0161li sme do OCEAN FISCHU. Tam som si dala pe\u010den\u00e9 kura hranolky a oblohu. Tam u\u017e na n\u00e1s \u010dakali tony s rodinou Adam s dc\u00e9rami a Daina .Dobre bolo jedlo ale boli ve\u013ek\u00e9 porcie a mastn\u00e9 .Po ve\u010deri sme e\u0161te i\u0161li hra\u0165 bowling do klubu .Po\u017ei\u010dali sme si top\u00e1nky .Mne sa moc nedarilo mala som iba 30 bodov. Najslab\u0161ia ale bolo to super sranda. Po \u0161portovom v\u00fdkone sme si i\u0161li nie\u010do vypi\u0165.T\u00e1 kaviare\u0148 bola najstaria budova newtonu. Ked sme sedeli tam n\u00e1m pri\u0161la smska od koleginiek ktor\u00e9 prevzali 1 cenu 2500 eur za socialnu rehabilit\u00e1ciu. Pote\u0161ili sme sa v\u0161etci n\u00e1m blaho\u017eelali. Po pr\u00edchode na hotel sme boli e\u0161te sm\u00e4dn\u00fd tak sme si e\u0161te nie\u010do dali v na\u0161om hotelovom bare .okolo 23:00 sme i\u0161li spa\u0165.<\/p>\n<p>&nbsp;<\/p>\n<p>30.5.2009<\/p>\n<p>R\u00e1no som vstala o pol 6 Stefi e\u0161te spala O 9 boli ra\u0148ajky .Tipick\u00e9 anglick\u00e9 ra\u0148ajky.: grilovan\u00e9 p\u00e1rky , volsk\u00e9 oko , fazu\u013eka s paradajkami a sendvi\u010de .Mali sme ma\u0165 m\u00edting v parku ale nakoniec sme mali tu v hoteli Rozoberali sme program ktor\u00fd si pre n\u00e1s pripravili ale najprv sme sa predstavili oko sa vol\u00e1me a odkia\u013e sme a \u010do rob\u00edme . I\u0161la som si na hodinku \u013eahn\u00fa\u0165, Stefi i\u0161la do mesta .Ja som \u010dakala na svadbu aby som ju mohla vyfoti\u0165. Vyfotila som si nevestu .Chv\u00ed\u013eku sme boli na izbe a potom sme sa i\u0161li popozera\u0165 po n\u00e1kupn\u00fdch pas\u00e1\u017each. Pripojil sa k n\u00e1m z na\u0161ej skupiny jeden p\u00e1n k\u00fapili sme si nanuky. Je kr\u00e1sne teplo .Poprech\u00e1dzali sme sa aj pri potoku. Vr\u00e1tila som sa sama do hotela s n\u00e1kupom Stefi ma \u010dakala pri moste . rad\u0161ej sme boli v meste bolo tam ve\u013ea svadob\u010danom .Mali svadbu tu v hotely a mali aj svojho d\u00edd\u017eeja . Ke\u010f sme pri\u0161li z mesta i\u0161li sme na izbu odpo\u010din\u00fa\u0165 si Ale spali sme a\u017e do r\u00e1na ja som sa najedla a dala tabletky potom som si aj ja \u013eahla .o 00:00 kon\u010dili svadob\u010dania a o 4 hodine za\u010dali \u010dvirika\u0165 vt\u00e1\u010dky.<\/p>\n<p>31.5.2009<\/p>\n<p>O 9:00 m\u00e1me ra\u0148ajky a o 11:00 odch\u00e1dzame na Castel Powis a o 15:30 sme mali odchod zo z\u00e1mku pri\u0161iel pre n\u00e1s mikrobus \u010do n\u00e1s viezol sem. Anglick\u00e9 ra\u0148ajky sa mi moc nep\u00e1\u010dia. Ve\u013ea kal\u00f3rii. Pred odchodom sme sa i\u0161li s Katkou pozrie\u0165 do kostola oproti . Z\u00e1mok bol kr\u00e1sny ale ne\u017e sme sa i\u0161li pozrie\u0165 dnu poprech\u00e1dzali sa v jeho z\u00e1hrad\u00e1ch .Pri vstupnej br\u00e1ne sa p\u00e1sli ka\u010dky s k\u00e1\u010derom.Po n\u00e1dvor\u00ed sa prech\u00e1dzali medzi \u013eu\u010fmi a p\u00e1vica vbehla aj do ob\u010derstvenia. Boli sme aj v obchode zo suven\u00edrmi tam som k\u00fapila magnetku s mot\u00edvmi hradu .Bolo tam kr\u00e1sne v\u0161elikde sme sa fotili .Ke\u010f sme pri\u0161li domov na hotel chv\u00ed\u013eku sme si odpo\u010dinuli a i\u0161li sme sa prejs\u0165 do mesta .Cel\u00fd Newton sme si pochodili. Nie je to ve\u013ek\u00e9 mesto .JA , Stefi a Kvetka sme si urobili pekn\u00fa chv\u00ed\u013eku pri vode na lavi\u010dke mal\u00ed piknik lebo sa n\u00e1m e\u0161te nechcelo \u00eds\u0165 na hotel . o v\u0161eli\u010dom sme sa rozpr\u00e1vali .Zajtra na n\u00e1s \u010dak\u00e1 skor\u00e9 st\u00e1vanie. Ideme na vodop\u00e1dy .<\/p>\n<p>&nbsp;<\/p>\n<p>1.6.2009<\/p>\n<p>O pol 8 po ra\u0148ajk\u00e1ch sme mali zras na stanici v Newtone. Cie\u013eov\u00e1 stanica bola ABERYSTWYTCH. K\u00fasok od mora. Mali sme \u010das 2 hodiny tak sme i\u0161li k moru k oce\u00e1nu .Namo\u010dila som si nohy . Bol to super pocit. Cestou chodil po celom vozni jed\u00e1ln\u00fd voz\u00edk aj zo sprievodkinou. Cestovali sme 1,5 hodiny .Bl\u00ed\u017eil sa \u010das ke\u010f sme museli \u00eds\u0165 na mal\u00ed historicky vl\u00e1\u010dik ktor\u00fdm sme i\u0161li hodinu aj vo\u013ea\u010do .Fotilo sa . Pr\u00edjazd na miesto sa volalo Devils brigde \u2013 diabolsk\u00e9 mosty. Bolo to ako v tatr\u00e1ch strm\u00e9 schody s pekn\u00fdm v\u00fdh\u013eadom na vodop\u00e1d ,nemalo to konca. Pri dosiahnut\u00ed vrcholu som si vyd\u00fdchla. I\u0161li sme sa e\u0161te ob\u010derstvi\u0165 a po\u010dka\u0165 na ostatn\u00fdch.2 chlapi s na\u0161ej skupiny sa k\u00fapali v mori tak si su\u0161ili plavky na plote jedn\u00e9mu spadli ale na\u0161li sa. Pri \u010dakan\u00ed na vl\u00e1\u010dik sme si mi zo Stefi \u013eahli do tr\u00e1vi a odpo\u010d\u00edvali sme. Ja som i\u0161la r\u00fdchlo foti\u0165 vl\u00e1\u010di akur\u00e1t prich\u00e1dzal. Niesli sme im aj dar\u010deky od n\u00e1s zo Slovenska .Pri pr\u00edchode do stanice sme mali 2,5 hodiny \u010das tak sme e\u0161te i\u0161li k moru. Chlapci sa e\u0161te vyk\u00fapali ja som si e\u0161te raz namo\u010dila nohy a ke\u010f sme u\u017e mali \u00eds\u0165 na stanicu op\u00e1len\u00e9 ,najeden\u00e9 a spokojn\u00e9 ,\u017ee sme boli v mori sme i\u0161li na stanicu tam som k\u0155mila \u010dajku s holubmi. Ke\u010f sme pri\u0161li do Newtawnu i\u0161li sme si sadn\u00fa\u0165 do jedn\u00e9ho Pabu. Porozpr\u00e1vali sme si z\u00e1\u017eitky \u010do sme pre\u017eili. Super de\u0148.<\/p>\n<p>2.6.2009<\/p>\n<p>Dnes sa chyst\u00e1me do soci\u00e1lneho podniku tu v nutawne. O pol 8 sme mali ra\u0148ajky. I\u0161li sme pe\u0161o do Phonixu. Pekne n\u00e1s priv\u00edtali usadili n\u00e1s do kresiel porozde\u013eovali n\u00e1s do skupiniek. Ak\u00fd je to soci\u00e1lny podnik?<br \/>\nJa napr\u00edklad som i\u0161la s JO a Martinom pre star\u00e9 seda\u010dky skrine \u010do u\u017e \u013eudia nepotrebovali .P\u00fdtali sme sa \u010di \u013eud\u00ed si praj\u00fa to vyhodi\u0165 alebo si to m\u00f4\u017eu zobra\u0165 do firmy kde to separuj\u00fa a predaj\u00fa to zase .Dali mi reflexn\u00fa vestu s ich n\u00e1pisom. Boli so mnou ve\u013emi spokojn\u00fd aj sme sa fotili .I\u0161li sme na 4 adresy a potom sme to niesli do trieden\u00e9ho odpadu ktor\u00fd by mohol bi\u0165 aj na slovensku. Mi sme do\u0161li a\u017e posledn\u00fd ale boli sme naozaj da\u013eeko .Ostatn\u00e9 neviem lebo sme hne\u010f i\u0161li .Darovali mi vestu \u010do som mala na sebe .Ja so v\u0161etk\u00fdm rozd\u00e1vala dar\u010deky Len JO ch\u00fdbala ale dar\u010dek som nechala u Martina. Ve\u013emi sa pote\u0161ili ,a ja som povedala ,\u017ee u\u017e som ich .Ke\u010f sme kon\u010dili n\u00e1v\u0161tevu ani sa mi nechcelo od\u00eds\u0165 pre\u010d od mojich pracovn\u00fdch kolegov .Aby som nezabudla zadrela som si triesku pri pr\u00e1ci tak som si ju priniesla do hotela .Bola som rada ak som si mohla vysk\u00fa\u0161a\u0165 nie\u010do nov\u00e9 .Po odpo\u010dinku na hoteli sme i\u0161li do mesta volali sme domov z telefonnej b\u00fadky. Dvom na\u0161im d\u00e1mam som robila mas\u00e1\u017e krku.<\/p>\n<p>3.6.2009<\/p>\n<p>Dneska m\u00e1me na pl\u00e1ne skautsk\u00fd domov. Rovena \u2013ko\u0161\u00edky<\/p>\n<p>P\u00e1n Bodfari Charkoal-spacovanie \u010derstv\u00e9ho dreva<br \/>\nNajprv n\u00e1m porozpr\u00e1valo jeho skautskom odieli kdo ,\u010do kde kedy rob\u00fd a kon\u00e1 sa Potom som si sk\u00fa\u0161ala ostru\u017elika\u0165 nohu na stoli\u010dku a spravila so 2kusy .Evin a p\u00e1n mi pom\u00e1hali a povedali ako mi to dobre ide .Evin sa mi p\u00e1\u010dil ako v\u0161etko poum\u00fdval po obede. Odtia\u013e sme i\u0161li do mesta k\u00fapi\u0165 si ve\u010deru a i\u0161li sme sa nie\u010doho napi\u0165. Nakupovali sme si dar\u010deky pre zn\u00e1mych ale aj pre seba. Odi\u0161li sme do hotela s n\u00e1kupmi .Ja som si tam vybrala modr\u00fa suk\u0148u zo vzorom modr\u00e9 tri\u010dko a ako dar\u010dek od Kvetky n\u00e1hrdeln\u00edk. Hne\u010f som sa i\u0161la pochv\u00e1li\u0165 \u010do som si k\u00fapila do baru kde sedeli ostatn\u00fd .Ve\u010der som si pozrela ako hraj\u00fa 2 p\u00e1ni gule\u010dn\u00edk Nie\u010doho som sa napila a i\u0161la som si \u013eahn\u00fa\u0165.<\/p>\n<p>4.6.2009<\/p>\n<p>R\u00e1no o 10:00 sme mali spolo\u010dn\u00e9 stretnutie ktor\u00e9 moderovala Katka Sabov\u00e1 ktor\u00e9 sa konalo v na\u0161ej jed\u00e1lni .Prezentovali sa \u010cesi ,Angli\u010dania a my Slov\u00e1ci. Dostali sme sa s na\u0161ou prezent\u00e1ciou a\u017e o pol 3 na rad mali sme ve\u013ek\u00fd \u00faspech .Kon\u010dili sme o 15:05 .Chv\u00ed\u013eu sme si odpo\u010dinuli a pobalili sa na izbe a nesk\u00f4r sme i\u0161li do mesta o 19:00 sme museli bi\u0165 nasp\u00e4\u0165 lebo sme mali stret\u00e1vku v talianskej re\u0161taur\u00e1cii. Toto sl\u00fa\u017eilo na odovzdanie dar\u010dekov pre v\u0161etk\u00fdch a rozl\u00fa\u010di\u0165 sa s ostatn\u00fdmi s ktor\u00fdmi u\u017e nebudeme .Sedeli sme ako sardinky na sebe a za\u010dali n\u00e1m postupne nosi\u0165 jedl\u00e1 len to u\u017e bolo dos\u0165 na ve\u010der. P\u00e1n kuch\u00e1r sa n\u00e1s chodili p\u00fdta\u0165 \u010di n\u00e1m chut\u00ed a ja som si ho potom aj vifotila. Pri\u0161li sme u\u017e po 00:00 tak som sa i\u0161la umy\u0165 a do haja\u0165.<\/p>\n<p>5.6.2009<\/p>\n<p>St\u00e1vali sme skoro r\u00e1no lebo sme sa museli skoro najes\u0165 a odch\u00e1dza\u0165 na letisko. Nalodili sme kufre do Alanov\u00e9ho auta a my a vyrazili sme na letisko men\u010dester. Odovzdali sme bato\u017einu i\u0161li sme si na k\u00e1vi\u010dku popozerali obchod\u00edky sledovali sme tabulu s odletmi teda aspo\u0148 ja mala som to zveren\u00e9 pre\u0161li sme vecnou kontrolou a i\u0161li \u010daka\u0165 k\u00fdm prilet\u00ed lietadlo .My sme mali \u010d\u00edslo v\u00fdchodu 06 . Ja som i\u0161la prv\u00e1 do lietadla viem ako to spravi\u0165. Sedela som s na\u0161\u00edm starostom Ru\u017einova . Let prebiehal dobre len mne bolo tro\u0161ku \u0165a\u017eko .Leteli sme vo v\u00fd\u0161ke 10 650 km -53 stup\u0148ov Celzia a 1000 km za hodinu V Bratislave na letisku ma u\u017e \u010dakal Pe\u0165ko. Pri\u0161la pre n\u00e1s Nina s priate\u013eom na\u0161im pracovn\u00fdm nov\u00fdm autom z domu svitania , zobrali sme \u013eud\u00ed ko\u013eko sa stalo . Odviezli sme \u013eud\u00ed my sme i\u0161li e\u0161te do teska nakupova\u0165 a potom sme fr\u010dali domov.<br \/>\nOdlet men\u010dester 12:24 Pr\u00edlet BA 14:19 A .\u010d . 15:19 na\u0161eho \u010dasu 6 gates \u2013n\u00e1stupi\u0161te<\/p>\n<p>Z\u00e1ver:<\/p>\n<p>T\u00e1to pracovn\u00e1 dovolenka s porovnan\u00ed \u010do som bola v \u00edrsku je 100 kr\u00e1t lep\u0161ia ,lep\u0161ie mo\u017enosti sk\u00fasenia si inej pr\u00e1ce . Ve\u013emi chcem po\u010fakova\u0165 za t\u00fato mo\u017enos\u0165 organiz\u00e1torom tohto projektu spozn\u00e1va\u0165 svet , cudz\u00edch \u013eud\u00ed , nadv\u00e4zova\u0165 medzi\u013eudsk\u00e9 vz\u0165ahy. Rada by som sa znova stretla a podievala sa na tomto projekte znova .E\u0161te raz ve\u013emi pekne \u010fakujem.<\/p>\n<p>S pozdravom Kamilka.<\/p>\n<div class=\"fg_gallery\">\n<div class=\"fg_thumbnail\" style=\"width:166px;margin:0px 5px 5px 0px;\">\n<a title=\"My Gallery (1\/9)\" href=\"https:\/\/www.domsvitania.sk\/images\/2009Wales\/P5312852.JPG\"><img decoding=\"async\" src=\"https:\/\/www.domsvitania.sk\/images\/2009Wales\/cache_160x0\/p5312852.jpg\" style=\"width:160px;margin:0;padding:2px;border-width:1px;\" alt=\"My Gallery (1\/9)\" \/><\/a><\/div>\n<div class=\"fg_thumbnail\" style=\"width:166px;margin:0px 5px 5px 0px;\">\n<a title=\"My Gallery (2\/9)\" href=\"https:\/\/www.domsvitania.sk\/images\/2009Wales\/P5312857.JPG\"><img decoding=\"async\" src=\"https:\/\/www.domsvitania.sk\/images\/2009Wales\/cache_160x0\/p5312857.jpg\" style=\"width:160px;margin:0;padding:2px;border-width:1px;\" alt=\"My Gallery (2\/9)\" \/><\/a><\/div>\n<div class=\"fg_thumbnail\" style=\"width:166px;margin:0px 5px 5px 0px;\">\n<a title=\"My Gallery (3\/9)\" href=\"https:\/\/www.domsvitania.sk\/images\/2009Wales\/P5312894.JPG\"><img decoding=\"async\" src=\"https:\/\/www.domsvitania.sk\/images\/2009Wales\/cache_160x0\/p5312894.jpg\" style=\"width:160px;margin:0;padding:2px;border-width:1px;\" alt=\"My Gallery (3\/9)\" \/><\/a><\/div>\n<div class=\"fg_thumbnail\" style=\"width:166px;margin:0px 5px 5px 0px;\">\n<a title=\"My Gallery (4\/9)\" href=\"https:\/\/www.domsvitania.sk\/images\/2009Wales\/P6013034.JPG\"><img decoding=\"async\" src=\"https:\/\/www.domsvitania.sk\/images\/2009Wales\/cache_160x0\/p6013034.jpg\" style=\"width:160px;margin:0;padding:2px;border-width:1px;\" alt=\"My Gallery (4\/9)\" \/><\/a><\/div>\n<div class=\"fg_thumbnail\" style=\"width:166px;margin:0px 5px 5px 0px;\">\n<a title=\"My Gallery (5\/9)\" href=\"https:\/\/www.domsvitania.sk\/images\/2009Wales\/P6013070.JPG\"><img decoding=\"async\" src=\"https:\/\/www.domsvitania.sk\/images\/2009Wales\/cache_160x0\/p6013070.jpg\" style=\"width:160px;margin:0;padding:2px;border-width:1px;\" alt=\"My Gallery (5\/9)\" \/><\/a><\/div>\n<div class=\"fg_thumbnail\" style=\"width:166px;margin:0px 5px 5px 0px;\">\n<a title=\"My Gallery (6\/9)\" href=\"https:\/\/www.domsvitania.sk\/images\/2009Wales\/P6023103.JPG\"><img decoding=\"async\" src=\"https:\/\/www.domsvitania.sk\/images\/2009Wales\/cache_160x0\/p6023103.jpg\" style=\"width:160px;margin:0;padding:2px;border-width:1px;\" alt=\"My Gallery (6\/9)\" \/><\/a><\/div>\n<div class=\"fg_thumbnail\" style=\"width:166px;margin:0px 5px 5px 0px;\">\n<a title=\"My Gallery (7\/9)\" href=\"https:\/\/www.domsvitania.sk\/images\/2009Wales\/P6023109.JPG\"><img decoding=\"async\" src=\"https:\/\/www.domsvitania.sk\/images\/2009Wales\/cache_160x0\/p6023109.jpg\" style=\"width:160px;margin:0;padding:2px;border-width:1px;\" alt=\"My Gallery (7\/9)\" \/><\/a><\/div>\n<div class=\"fg_thumbnail\" style=\"width:166px;margin:0px 5px 5px 0px;\">\n<a title=\"My Gallery (8\/9)\" href=\"https:\/\/www.domsvitania.sk\/images\/2009Wales\/P6033222.JPG\"><img decoding=\"async\" src=\"https:\/\/www.domsvitania.sk\/images\/2009Wales\/cache_160x0\/p6033222.jpg\" style=\"width:160px;margin:0;padding:2px;border-width:1px;\" alt=\"My Gallery (8\/9)\" \/><\/a><\/div>\n<div class=\"fg_thumbnail\" style=\"width:166px;margin:0px 5px 5px 0px;\">\n<a title=\"My Gallery (9\/9)\" href=\"https:\/\/www.domsvitania.sk\/images\/2009Wales\/P6043321.JPG\"><img decoding=\"async\" src=\"https:\/\/www.domsvitania.sk\/images\/2009Wales\/cache_160x0\/p6043321.jpg\" style=\"width:160px;margin:0;padding:2px;border-width:1px;\" alt=\"My Gallery (9\/9)\" \/><\/a><\/div><br style=\"clear: both\" \/>\n<\/div>\n\n","protected":false},"excerpt":{"rendered":"<p>V d\u0148och 29.5. \u2013 5.6.2009 sme sa z\u00fa\u010dastnili pracovn\u00e9ho stretnutia projektu \u201cEur\u00f3pska \u0161kola soci\u00e1lneho podnikania\u201c vo Walese. Na stretnutie n\u00e1s pozval partner projektu SIAWNS TEG z Ve\u013ekej Brit\u00e1nie &#8211; Walesu a Agent\u00fara \u0161pecializovan\u00fdch slu\u017eieb pre autistov a in\u00e9 zdravotn\u00e9 postihnutia v Bratislave. Tret\u00edm partnerom projektu je EMIT CZ, s.r.o. z \u010ceskej republiky.<\/p>\n","protected":false},"author":1,"featured_media":1146,"comment_status":"open","ping_status":"open","sticky":false,"template":"","format":"standard","meta":{"_kad_post_transparent":"","_kad_post_title":"","_kad_post_layout":"","_kad_post_sidebar_id":"","_kad_post_content_style":"","_kad_post_vertical_padding":"","_kad_post_feature":"","_kad_post_feature_position":"","_kad_post_header":false,"_kad_post_footer":false,"_kad_post_classname":"","_jetpack_memberships_contains_paid_content":false,"footnotes":""},"categories":[57],"tags":[],"class_list":["post-34","post","type-post","status-publish","format-standard","has-post-thumbnail","hentry","category-archiv"],"yoast_head":"<!-- This site is optimized with the Yoast SEO plugin v26.7 - https:\/\/yoast.com\/wordpress\/plugins\/seo\/ -->\n<title>Wales \u2013 pracovn\u00e1 cesta - Dom Svitania<\/title>\n<meta name=\"robots\" content=\"index, follow, max-snippet:-1, max-image-preview:large, max-video-preview:-1\" \/>\n<link rel=\"canonical\" href=\"https:\/\/www.domsvitania.sk\/?p=34\" \/>\n<meta property=\"og:locale\" content=\"sk_SK\" \/>\n<meta property=\"og:type\" content=\"article\" \/>\n<meta property=\"og:title\" content=\"Wales \u2013 pracovn\u00e1 cesta - Dom Svitania\" \/>\n<meta property=\"og:description\" content=\"V d\u0148och 29.5. \u2013 5.6.2009 sme sa z\u00fa\u010dastnili pracovn\u00e9ho stretnutia projektu \u201cEur\u00f3pska \u0161kola soci\u00e1lneho podnikania\u201c vo Walese. Na stretnutie n\u00e1s pozval partner projektu SIAWNS TEG z Ve\u013ekej Brit\u00e1nie &#8211; Walesu a Agent\u00fara \u0161pecializovan\u00fdch slu\u017eieb pre autistov a in\u00e9 zdravotn\u00e9 postihnutia v Bratislave. Tret\u00edm partnerom projektu je EMIT CZ, s.r.o. z \u010ceskej republiky.\" \/>\n<meta property=\"og:url\" content=\"https:\/\/www.domsvitania.sk\/?p=34\" \/>\n<meta property=\"og:site_name\" content=\"Dom Svitania\" \/>\n<meta property=\"article:publisher\" content=\"https:\/\/www.facebook.com\/domsvitaniask\" \/>\n<meta property=\"article:published_time\" content=\"2009-06-21T22:01:38+00:00\" \/>\n<meta property=\"article:modified_time\" content=\"2025-02-28T13:29:20+00:00\" \/>\n<meta property=\"og:image\" content=\"https:\/\/www.domsvitania.sk\/wp-content\/uploads\/2009\/06\/P5312894-e1674417299439.jpeg\" \/>\n\t<meta property=\"og:image:width\" content=\"400\" \/>\n\t<meta property=\"og:image:height\" content=\"225\" \/>\n\t<meta property=\"og:image:type\" content=\"image\/jpeg\" \/>\n<meta name=\"author\" content=\"admin\" \/>\n<meta name=\"twitter:card\" content=\"summary_large_image\" \/>\n<meta name=\"twitter:label1\" content=\"Autor\" \/>\n\t<meta name=\"twitter:data1\" content=\"admin\" \/>\n\t<meta name=\"twitter:label2\" content=\"Predpokladan\u00fd \u010das \u010d\u00edtania\" \/>\n\t<meta name=\"twitter:data2\" content=\"12 min\u00fat\" \/>\n<script type=\"application\/ld+json\" class=\"yoast-schema-graph\">{\"@context\":\"https:\/\/schema.org\",\"@graph\":[{\"@type\":\"Article\",\"@id\":\"https:\/\/www.domsvitania.sk\/?p=34#article\",\"isPartOf\":{\"@id\":\"https:\/\/www.domsvitania.sk\/?p=34\"},\"author\":{\"name\":\"admin\",\"@id\":\"https:\/\/www.domsvitania.sk\/#\/schema\/person\/0044dcfade948b8ffe79692cb498c42e\"},\"headline\":\"Wales \u2013 pracovn\u00e1 cesta\",\"datePublished\":\"2009-06-21T22:01:38+00:00\",\"dateModified\":\"2025-02-28T13:29:20+00:00\",\"mainEntityOfPage\":{\"@id\":\"https:\/\/www.domsvitania.sk\/?p=34\"},\"wordCount\":2479,\"commentCount\":0,\"publisher\":{\"@id\":\"https:\/\/www.domsvitania.sk\/#organization\"},\"image\":{\"@id\":\"https:\/\/www.domsvitania.sk\/?p=34#primaryimage\"},\"thumbnailUrl\":\"https:\/\/www.domsvitania.sk\/wp-content\/uploads\/2009\/06\/P5312894-e1674417299439.jpeg\",\"articleSection\":[\"Archiv\"],\"inLanguage\":\"sk-SK\",\"potentialAction\":[{\"@type\":\"CommentAction\",\"name\":\"Comment\",\"target\":[\"https:\/\/www.domsvitania.sk\/?p=34#respond\"]}]},{\"@type\":\"WebPage\",\"@id\":\"https:\/\/www.domsvitania.sk\/?p=34\",\"url\":\"https:\/\/www.domsvitania.sk\/?p=34\",\"name\":\"Wales \u2013 pracovn\u00e1 cesta - Dom Svitania\",\"isPartOf\":{\"@id\":\"https:\/\/www.domsvitania.sk\/#website\"},\"primaryImageOfPage\":{\"@id\":\"https:\/\/www.domsvitania.sk\/?p=34#primaryimage\"},\"image\":{\"@id\":\"https:\/\/www.domsvitania.sk\/?p=34#primaryimage\"},\"thumbnailUrl\":\"https:\/\/www.domsvitania.sk\/wp-content\/uploads\/2009\/06\/P5312894-e1674417299439.jpeg\",\"datePublished\":\"2009-06-21T22:01:38+00:00\",\"dateModified\":\"2025-02-28T13:29:20+00:00\",\"breadcrumb\":{\"@id\":\"https:\/\/www.domsvitania.sk\/?p=34#breadcrumb\"},\"inLanguage\":\"sk-SK\",\"potentialAction\":[{\"@type\":\"ReadAction\",\"target\":[\"https:\/\/www.domsvitania.sk\/?p=34\"]}]},{\"@type\":\"ImageObject\",\"inLanguage\":\"sk-SK\",\"@id\":\"https:\/\/www.domsvitania.sk\/?p=34#primaryimage\",\"url\":\"https:\/\/www.domsvitania.sk\/wp-content\/uploads\/2009\/06\/P5312894-e1674417299439.jpeg\",\"contentUrl\":\"https:\/\/www.domsvitania.sk\/wp-content\/uploads\/2009\/06\/P5312894-e1674417299439.jpeg\",\"width\":400,\"height\":225,\"caption\":\"OLYMPUS DIGITAL CAMERA\"},{\"@type\":\"BreadcrumbList\",\"@id\":\"https:\/\/www.domsvitania.sk\/?p=34#breadcrumb\",\"itemListElement\":[{\"@type\":\"ListItem\",\"position\":1,\"name\":\"Domovsk\u00e1 str\u00e1nka\",\"item\":\"https:\/\/www.domsvitania.sk\/\"},{\"@type\":\"ListItem\",\"position\":2,\"name\":\"Wales \u2013 pracovn\u00e1 cesta\"}]},{\"@type\":\"WebSite\",\"@id\":\"https:\/\/www.domsvitania.sk\/#website\",\"url\":\"https:\/\/www.domsvitania.sk\/\",\"name\":\"Dom Svitania\",\"description\":\"Rehabilita\u010dn\u00e9 stredisko a chr\u00e1nen\u00e1 diel\u0148a\",\"publisher\":{\"@id\":\"https:\/\/www.domsvitania.sk\/#organization\"},\"potentialAction\":[{\"@type\":\"SearchAction\",\"target\":{\"@type\":\"EntryPoint\",\"urlTemplate\":\"https:\/\/www.domsvitania.sk\/?s={search_term_string}\"},\"query-input\":{\"@type\":\"PropertyValueSpecification\",\"valueRequired\":true,\"valueName\":\"search_term_string\"}}],\"inLanguage\":\"sk-SK\"},{\"@type\":\"Organization\",\"@id\":\"https:\/\/www.domsvitania.sk\/#organization\",\"name\":\"Dom Svitania, n.o.\",\"url\":\"https:\/\/www.domsvitania.sk\/\",\"logo\":{\"@type\":\"ImageObject\",\"inLanguage\":\"sk-SK\",\"@id\":\"https:\/\/www.domsvitania.sk\/#\/schema\/logo\/image\/\",\"url\":\"https:\/\/www.domsvitania.sk\/wp-content\/uploads\/2023\/01\/dom_svitania_logo.jpg\",\"contentUrl\":\"https:\/\/www.domsvitania.sk\/wp-content\/uploads\/2023\/01\/dom_svitania_logo.jpg\",\"width\":243,\"height\":208,\"caption\":\"Dom Svitania, n.o.\"},\"image\":{\"@id\":\"https:\/\/www.domsvitania.sk\/#\/schema\/logo\/image\/\"},\"sameAs\":[\"https:\/\/www.facebook.com\/domsvitaniask\",\"https:\/\/www.instagram.com\/domsvitania\"]},{\"@type\":\"Person\",\"@id\":\"https:\/\/www.domsvitania.sk\/#\/schema\/person\/0044dcfade948b8ffe79692cb498c42e\",\"name\":\"admin\",\"image\":{\"@type\":\"ImageObject\",\"inLanguage\":\"sk-SK\",\"@id\":\"https:\/\/www.domsvitania.sk\/#\/schema\/person\/image\/\",\"url\":\"https:\/\/secure.gravatar.com\/avatar\/53ef7be8d1b92131e110e2a3f8fb8762d6e8986f8fd1802949720b8250706630?s=96&d=mm&r=g\",\"contentUrl\":\"https:\/\/secure.gravatar.com\/avatar\/53ef7be8d1b92131e110e2a3f8fb8762d6e8986f8fd1802949720b8250706630?s=96&d=mm&r=g\",\"caption\":\"admin\"},\"sameAs\":[\"http:\/\/wp.domsvitania.sk\"],\"url\":\"https:\/\/www.domsvitania.sk\/?author=1\"}]}<\/script>\n<!-- \/ Yoast SEO plugin. -->","yoast_head_json":{"title":"Wales \u2013 pracovn\u00e1 cesta - Dom Svitania","robots":{"index":"index","follow":"follow","max-snippet":"max-snippet:-1","max-image-preview":"max-image-preview:large","max-video-preview":"max-video-preview:-1"},"canonical":"https:\/\/www.domsvitania.sk\/?p=34","og_locale":"sk_SK","og_type":"article","og_title":"Wales \u2013 pracovn\u00e1 cesta - Dom Svitania","og_description":"V d\u0148och 29.5. \u2013 5.6.2009 sme sa z\u00fa\u010dastnili pracovn\u00e9ho stretnutia projektu \u201cEur\u00f3pska \u0161kola soci\u00e1lneho podnikania\u201c vo Walese. Na stretnutie n\u00e1s pozval partner projektu SIAWNS TEG z Ve\u013ekej Brit\u00e1nie &#8211; Walesu a Agent\u00fara \u0161pecializovan\u00fdch slu\u017eieb pre autistov a in\u00e9 zdravotn\u00e9 postihnutia v Bratislave. Tret\u00edm partnerom projektu je EMIT CZ, s.r.o. z \u010ceskej republiky.","og_url":"https:\/\/www.domsvitania.sk\/?p=34","og_site_name":"Dom Svitania","article_publisher":"https:\/\/www.facebook.com\/domsvitaniask","article_published_time":"2009-06-21T22:01:38+00:00","article_modified_time":"2025-02-28T13:29:20+00:00","og_image":[{"width":400,"height":225,"url":"https:\/\/www.domsvitania.sk\/wp-content\/uploads\/2009\/06\/P5312894-e1674417299439.jpeg","type":"image\/jpeg"}],"author":"admin","twitter_card":"summary_large_image","twitter_misc":{"Autor":"admin","Predpokladan\u00fd \u010das \u010d\u00edtania":"12 min\u00fat"},"schema":{"@context":"https:\/\/schema.org","@graph":[{"@type":"Article","@id":"https:\/\/www.domsvitania.sk\/?p=34#article","isPartOf":{"@id":"https:\/\/www.domsvitania.sk\/?p=34"},"author":{"name":"admin","@id":"https:\/\/www.domsvitania.sk\/#\/schema\/person\/0044dcfade948b8ffe79692cb498c42e"},"headline":"Wales \u2013 pracovn\u00e1 cesta","datePublished":"2009-06-21T22:01:38+00:00","dateModified":"2025-02-28T13:29:20+00:00","mainEntityOfPage":{"@id":"https:\/\/www.domsvitania.sk\/?p=34"},"wordCount":2479,"commentCount":0,"publisher":{"@id":"https:\/\/www.domsvitania.sk\/#organization"},"image":{"@id":"https:\/\/www.domsvitania.sk\/?p=34#primaryimage"},"thumbnailUrl":"https:\/\/www.domsvitania.sk\/wp-content\/uploads\/2009\/06\/P5312894-e1674417299439.jpeg","articleSection":["Archiv"],"inLanguage":"sk-SK","potentialAction":[{"@type":"CommentAction","name":"Comment","target":["https:\/\/www.domsvitania.sk\/?p=34#respond"]}]},{"@type":"WebPage","@id":"https:\/\/www.domsvitania.sk\/?p=34","url":"https:\/\/www.domsvitania.sk\/?p=34","name":"Wales \u2013 pracovn\u00e1 cesta - Dom Svitania","isPartOf":{"@id":"https:\/\/www.domsvitania.sk\/#website"},"primaryImageOfPage":{"@id":"https:\/\/www.domsvitania.sk\/?p=34#primaryimage"},"image":{"@id":"https:\/\/www.domsvitania.sk\/?p=34#primaryimage"},"thumbnailUrl":"https:\/\/www.domsvitania.sk\/wp-content\/uploads\/2009\/06\/P5312894-e1674417299439.jpeg","datePublished":"2009-06-21T22:01:38+00:00","dateModified":"2025-02-28T13:29:20+00:00","breadcrumb":{"@id":"https:\/\/www.domsvitania.sk\/?p=34#breadcrumb"},"inLanguage":"sk-SK","potentialAction":[{"@type":"ReadAction","target":["https:\/\/www.domsvitania.sk\/?p=34"]}]},{"@type":"ImageObject","inLanguage":"sk-SK","@id":"https:\/\/www.domsvitania.sk\/?p=34#primaryimage","url":"https:\/\/www.domsvitania.sk\/wp-content\/uploads\/2009\/06\/P5312894-e1674417299439.jpeg","contentUrl":"https:\/\/www.domsvitania.sk\/wp-content\/uploads\/2009\/06\/P5312894-e1674417299439.jpeg","width":400,"height":225,"caption":"OLYMPUS DIGITAL CAMERA"},{"@type":"BreadcrumbList","@id":"https:\/\/www.domsvitania.sk\/?p=34#breadcrumb","itemListElement":[{"@type":"ListItem","position":1,"name":"Domovsk\u00e1 str\u00e1nka","item":"https:\/\/www.domsvitania.sk\/"},{"@type":"ListItem","position":2,"name":"Wales \u2013 pracovn\u00e1 cesta"}]},{"@type":"WebSite","@id":"https:\/\/www.domsvitania.sk\/#website","url":"https:\/\/www.domsvitania.sk\/","name":"Dom Svitania","description":"Rehabilita\u010dn\u00e9 stredisko a chr\u00e1nen\u00e1 diel\u0148a","publisher":{"@id":"https:\/\/www.domsvitania.sk\/#organization"},"potentialAction":[{"@type":"SearchAction","target":{"@type":"EntryPoint","urlTemplate":"https:\/\/www.domsvitania.sk\/?s={search_term_string}"},"query-input":{"@type":"PropertyValueSpecification","valueRequired":true,"valueName":"search_term_string"}}],"inLanguage":"sk-SK"},{"@type":"Organization","@id":"https:\/\/www.domsvitania.sk\/#organization","name":"Dom Svitania, n.o.","url":"https:\/\/www.domsvitania.sk\/","logo":{"@type":"ImageObject","inLanguage":"sk-SK","@id":"https:\/\/www.domsvitania.sk\/#\/schema\/logo\/image\/","url":"https:\/\/www.domsvitania.sk\/wp-content\/uploads\/2023\/01\/dom_svitania_logo.jpg","contentUrl":"https:\/\/www.domsvitania.sk\/wp-content\/uploads\/2023\/01\/dom_svitania_logo.jpg","width":243,"height":208,"caption":"Dom Svitania, n.o."},"image":{"@id":"https:\/\/www.domsvitania.sk\/#\/schema\/logo\/image\/"},"sameAs":["https:\/\/www.facebook.com\/domsvitaniask","https:\/\/www.instagram.com\/domsvitania"]},{"@type":"Person","@id":"https:\/\/www.domsvitania.sk\/#\/schema\/person\/0044dcfade948b8ffe79692cb498c42e","name":"admin","image":{"@type":"ImageObject","inLanguage":"sk-SK","@id":"https:\/\/www.domsvitania.sk\/#\/schema\/person\/image\/","url":"https:\/\/secure.gravatar.com\/avatar\/53ef7be8d1b92131e110e2a3f8fb8762d6e8986f8fd1802949720b8250706630?s=96&d=mm&r=g","contentUrl":"https:\/\/secure.gravatar.com\/avatar\/53ef7be8d1b92131e110e2a3f8fb8762d6e8986f8fd1802949720b8250706630?s=96&d=mm&r=g","caption":"admin"},"sameAs":["http:\/\/wp.domsvitania.sk"],"url":"https:\/\/www.domsvitania.sk\/?author=1"}]}},"jetpack_featured_media_url":"https:\/\/www.domsvitania.sk\/wp-content\/uploads\/2009\/06\/P5312894-e1674417299439.jpeg","jetpack_sharing_enabled":true,"_links":{"self":[{"href":"https:\/\/www.domsvitania.sk\/index.php?rest_route=\/wp\/v2\/posts\/34","targetHints":{"allow":["GET"]}}],"collection":[{"href":"https:\/\/www.domsvitania.sk\/index.php?rest_route=\/wp\/v2\/posts"}],"about":[{"href":"https:\/\/www.domsvitania.sk\/index.php?rest_route=\/wp\/v2\/types\/post"}],"author":[{"embeddable":true,"href":"https:\/\/www.domsvitania.sk\/index.php?rest_route=\/wp\/v2\/users\/1"}],"replies":[{"embeddable":true,"href":"https:\/\/www.domsvitania.sk\/index.php?rest_route=%2Fwp%2Fv2%2Fcomments&post=34"}],"version-history":[{"count":2,"href":"https:\/\/www.domsvitania.sk\/index.php?rest_route=\/wp\/v2\/posts\/34\/revisions"}],"predecessor-version":[{"id":1145,"href":"https:\/\/www.domsvitania.sk\/index.php?rest_route=\/wp\/v2\/posts\/34\/revisions\/1145"}],"wp:featuredmedia":[{"embeddable":true,"href":"https:\/\/www.domsvitania.sk\/index.php?rest_route=\/wp\/v2\/media\/1146"}],"wp:attachment":[{"href":"https:\/\/www.domsvitania.sk\/index.php?rest_route=%2Fwp%2Fv2%2Fmedia&parent=34"}],"wp:term":[{"taxonomy":"category","embeddable":true,"href":"https:\/\/www.domsvitania.sk\/index.php?rest_route=%2Fwp%2Fv2%2Fcategories&post=34"},{"taxonomy":"post_tag","embeddable":true,"href":"https:\/\/www.domsvitania.sk\/index.php?rest_route=%2Fwp%2Fv2%2Ftags&post=34"}],"curies":[{"name":"wp","href":"https:\/\/api.w.org\/{rel}","templated":true}]}}