{"id":48,"date":"2010-09-28T10:17:45","date_gmt":"2010-09-28T08:17:45","guid":{"rendered":"https:\/\/wp.domsvitania.sk\/?p=48"},"modified":"2025-02-28T14:27:37","modified_gmt":"2025-02-28T13:27:37","slug":"medzinarodny-svetovy-kongres-inclusion-international-2010","status":"publish","type":"post","link":"https:\/\/www.domsvitania.sk\/?p=48","title":{"rendered":"Berl\u00edn 2010"},"content":{"rendered":"<div align=\"justify\">Medzin\u00e1rodn\u00fd svetov\u00fd kongres Inclusion International 2010 o Dohovore OSN o pr\u00e1vach \u013eud\u00ed s ment\u00e1lnym postihnut\u00edm sa konal v d\u0148och 16. -19. j\u00fana v Berl\u00edne. Na tomto kongrese ma zaujali t\u00e9my, ktor\u00e9 tam v r\u00f4znych work\u0161opoch predn\u00e1\u0161ali \u013eudia z Indon\u00e9zie, Anglicka a pod. M\u0148a zaujalo viac t\u00e9m, ktor\u00e9 tam predn\u00e1\u0161ali,napr\u00edklad o za\u010dlenen\u00ed \u013eud\u00ed s ment\u00e1lnym postihnut\u00edm medzi zdrav\u00fdch \u013eud\u00ed, inkluz\u00edvne vzdel\u00e1vanie, vytvorenie pracovn\u00fdch miest pre \u013eud\u00ed s hendikepom.<\/div>\n<p><!--more--><\/p>\n<div align=\"justify\">Okrem r\u00f4znych predn\u00e1\u0161ok bol aj kult\u00farny program, na ktorom vystupovala skupina, v ktorej \u00fa\u010dinkovali hendikepovan\u00ed \u013eudia spolu so zdrav\u00fdmi a boli tak zohrat\u00ed, \u017ee som mal pocit, akoby \u017eiaden \u00fa\u010dinkuj\u00faci zo skupiny nemal hendikep. Na kongrese rozpr\u00e1vali o tom, \u017ee krajina, ktor\u00e1 podp\u00ed\u0161e dohovor, mus\u00ed upravi\u0165 z\u00e1kony tak, aby \u013eudia s hendikepom mali rovnak\u00e9 pr\u00e1va ako be\u017en\u00fd \u010dlovek bez postihnutia, to znamen\u00e1, aby \u013eudia s hendikepom sa mohli zamestna\u0165 na vo\u013enom pracovnom trhu, chodi\u0165 do \u0161k\u00f4l so \u0161tudentmi bez postihnutia a zdokona\u013eova\u0165 svoje vedomosti na stredn\u00fdch a vysok\u00fdch \u0161kol\u00e1ch, aby mohli chodi\u0165 na r\u00f4zne spolo\u010densk\u00e9 podujatia a pod. \u010co ma pote\u0161ilo, bolo to, \u017ee v niektor\u00fdch krajin\u00e1ch sa o tom nielen hovor\u00ed, ale sa to postupne zav\u00e1dza do praxe. A o tom je dohovor pr\u00e1v \u013eud\u00ed s ment\u00e1lnym postihnut\u00edm, aby ich spolo\u010dnos\u0165 prijala medzi seba a neodsudzovala ich za to, \u017ee maj\u00fa nejak\u00fd hendikep, aby spolo\u010dnos\u0165 napom\u00e1hala t\u00fdmto \u013eu\u010fom, ktor\u00ed maj\u00fa pr\u00e1vo na rovnocenn\u00fd \u017eivot. Kongres v Berl\u00edne bol v\u00fdborn\u00fd, preto\u017ee som sa tam dozvedel ve\u013ea u\u017eito\u010dn\u00fdch vec\u00ed, ktor\u00e9 ma zaujali.<\/p>\n<p>Lubko<\/p>\n<hr \/>\n<p>Svetov\u00fd medzin\u00e1rodn\u00fd kongres Inklusion International, Berl\u00edn 15. -19.6. 2010<\/p>\n<p>Kongres bol organizovan\u00fd nemeckou asoci\u00e1ciou Lebenshilfe a organiz\u00e1ciou Inklusion Europe.<\/p>\n<p>Na kongres sme i\u0161li 5 \u010dlenov z Jakubova: Kamilka Sestrienkov\u00e1, Lubko Jan\u010d\u00ed, Vladko Ko\u0161\u00edk, Nina Nov\u00e1kov\u00e1, Stefi Nov\u00e1kov\u00e1. I\u0161la aj pos\u00e1dka z Bratislavy. Niektor\u00fdch sme viezli my a i\u0161lo e\u0161te jedno auto s ostatn\u00fdmi. Cesta prebiehala dobre, \u010dasto sme st\u00e1li. Podriemkavali sme si, srandovali, skr\u00e1tka dobr\u00e1 n\u00e1lada. Hrialo slnie\u010dko. Frant\u00edk (navig\u00e1cia) n\u00e1s navigoval dobre a\u017e do hotela Ludvig van Beethoven. Ubytovanie bolo super. Ve\u010der, ke\u010f sme pri\u0161li, sme sa i\u0161li prejs\u0165 a nie\u010do si zobn\u00fa\u0165 na ve\u010deru.<\/p>\n<p>Po ra\u0148ajk\u00e1ch sme i\u0161li autom do Estrelu, na kongres cesta n\u00e1m trvala 10 min\u00fat autom. Na registr\u00e1cii sme dlho \u010dakali, dostali sme visa\u010dky na krk a ta\u0161ky s programom. Bol to ve\u013ek\u00fd hotel, ale ke\u010f sa tam \u010dlovek aklimatizoval, bolo fajn.<br \/>\nVe\u013emi sa mi tam p\u00e1\u010dilo. Ubytovanie, program, strava a v\u00fdlet do mesta. Na kongrese sme sa v\u017edy rozdelili do skupiniek a chodil n\u00e1m preklada\u0165 nejak\u00fd n\u00e1\u0161 \u010dlen skupiny. Prekladanie a hlavne po\u010d\u00favanie bolo \u00fanavn\u00e9, ale zauj\u00edmav\u00e9. Ja som bola \u010dasto unaven\u00e1. Bola tam aj odpo\u010dinkov\u00e1 miestnos\u0165, kde sme si mohli odd\u00fdchnu\u0165. Predn\u00e1\u0161ky si ve\u013emi pekne pripravili r\u00f4zne zahrani\u010dn\u00e9 krajiny. Boli tam aj \u010cesi z Prahy.<br \/>\nPred vchodom do s\u00e1l NEW YORK boli prekladacie sluch\u00e1tka a \u010falej mali st\u00e1nky r\u00f4zne organiz\u00e1cie a krajiny, rozd\u00e1vali dar\u010deky a prezentovali sa. Lebenshilfe bol n\u00e1\u0161 st\u00e1nok na stret\u00e1vku. Z t\u00fdchto st\u00e1nkov sa mi najviac p\u00e1\u010dil st\u00e1nok s hra\u010dkami a pieso\u010dkom, kde sa dalo kresli\u0165.<br \/>\n3 dni som rozd\u00e1vala na\u0161e medovn\u00ed\u010dky, ktor\u00e9 sme s mamkou upiekli. Rozd\u00e1vala som aj v hoteli, kde sme b\u00fdvali, ale hlavne na kongrese predn\u00e1\u0161aj\u00facim a \u013eu\u010fom v st\u00e1nkoch, pote\u0161ili sa. Nosila som na\u0161e modr\u00e9 tri\u010dko DomSvitania. Nevedela som po nemecky, ale in\u00ed pochopili, \u017ee je to dar\u010dek zo Slovenska pre nich. Prezentova\u0165 sa mus\u00edm vedie\u0165 aj v zahrani\u010d\u00ed. Cez pobyt v Berl\u00edne bolo kr\u00e1sne po\u010dasie, tro\u0161ku f\u00fakalo, bol futbal a kopec srandy.<br \/>\nKe\u010f sme i\u0161li domov, tro\u0161ku sa ochladilo. V sobotu sme mali e\u0161te program do 14:00 &#8211; ukon\u010dovac\u00ed. Cestu domov som skoro cel\u00fa prespala.<br \/>\nTe\u0161ila som sa, ke\u010f sme mali \u00eds\u0165 do Berl\u00edna pozn\u00e1va\u0165 nov\u00fdch \u013eud\u00ed, nov\u00e9 kontakty. Som rada, \u017ee som mohla \u00eds\u0165 aj ja, rada chod\u00edm po kongresoch, predajoch a konferenci\u00e1ch, ve\u013emi ma to bav\u00ed. Bola tu jazykov\u00e1 bari\u00e9ra, ale zvl\u00e1dli sme to, v\u017edy bol niekto pri n\u00e1s, ke\u010f sme nie\u010do potrebovali.<\/p>\n<p>Z\u00e1ver:<br \/>\nRada by som e\u0161te i\u0161la na tak\u00fdto kongres, ve\u013emi sa mi to p\u00e1\u010dilo, bolo to pou\u010dn\u00e9.<\/p>\n<p>Kamilka<\/p>\n<hr \/>\n<p>Svetov\u00fd medzin\u00e1rodn\u00fd kongres Inklusion International, Berl\u00edn 15. &#8211; 19.6.2010<\/p>\n<p>Tento kongres sa konal v d\u0148och 15.6. a\u017e 19.6. 2010 v Berl\u00edne. Zi\u0161li sa tu \u013eudia zo v\u0161etk\u00fdch kraj\u00edn sveta. Kongres sa zaoberal probl\u00e9mami \u013eud\u00ed s telesn\u00fdm a ment\u00e1lnym postihnut\u00edm zo v\u0161etk\u00fdch \u0161t\u00e1tov. V ka\u017edom \u0161t\u00e1te s\u00fa podmienky pre t\u00fdchto \u013eud\u00ed odli\u0161n\u00e9. V \u0161t\u00e1toch z\u00e1padnej Eur\u00f3py je t\u00e1to ot\u00e1zka na vy\u0161\u0161ej \u00farovni ako u n\u00e1s. Najhor\u0161ie s\u00fa na tom \u0161t\u00e1ty Afriky a ju\u017enej Ameriky. S\u00fa to \u0161t\u00e1ty, kde \u017eivotn\u00e1 \u00farove\u0148 je st\u00e1le slab\u00e1 a preto im treba hlavne materi\u00e1lne pom\u00e1ha\u0165. Hlavnou my\u0161lienkou kongresu bolo uzavretie medzin\u00e1rodn\u00e9ho dohovoru, kde bud\u00fa zakotven\u00e9 pr\u00e1va \u013eud\u00ed s postihnut\u00edm a \u00falohy pre jednotliv\u00e9 krajiny, ktor\u00fdch vl\u00e1da bude musie\u0165 tento dohovor re\u0161pektova\u0165. T\u00e1to konferencia bola pod\u013ea m\u0148a na vy\u0161\u0161ej \u00farovni ako konferencii konan\u00e1 v Holandsku v roku 2003.<\/p>\n<p>Vlado<\/p>\n<hr \/>\n<\/div>\n<div><div class=\"fg_gallery\">\n<div class=\"fg_thumbnail\" style=\"width:166px;margin:0px 5px 5px 0px;\">\n<a title=\"My Gallery (1\/6)\" href=\"https:\/\/www.domsvitania.sk\/images\/2010berlin\/P6165915.JPG\"><img decoding=\"async\" src=\"https:\/\/www.domsvitania.sk\/images\/2010berlin\/cache_160x0\/p6165915.jpg\" style=\"width:160px;margin:0;padding:2px;border-width:1px;\" alt=\"My Gallery (1\/6)\" \/><\/a><\/div>\n<div class=\"fg_thumbnail\" style=\"width:166px;margin:0px 5px 5px 0px;\">\n<a title=\"My Gallery (2\/6)\" href=\"https:\/\/www.domsvitania.sk\/images\/2010berlin\/P6166003.JPG\"><img decoding=\"async\" src=\"https:\/\/www.domsvitania.sk\/images\/2010berlin\/cache_160x0\/p6166003.jpg\" style=\"width:160px;margin:0;padding:2px;border-width:1px;\" alt=\"My Gallery (2\/6)\" \/><\/a><\/div>\n<div class=\"fg_thumbnail\" style=\"width:166px;margin:0px 5px 5px 0px;\">\n<a title=\"My Gallery (3\/6)\" href=\"https:\/\/www.domsvitania.sk\/images\/2010berlin\/P6176073.JPG\"><img decoding=\"async\" src=\"https:\/\/www.domsvitania.sk\/images\/2010berlin\/cache_160x0\/p6176073.jpg\" style=\"width:160px;margin:0;padding:2px;border-width:1px;\" alt=\"My Gallery (3\/6)\" \/><\/a><\/div>\n<div class=\"fg_thumbnail\" style=\"width:166px;margin:0px 5px 5px 0px;\">\n<a title=\"My Gallery (4\/6)\" href=\"https:\/\/www.domsvitania.sk\/images\/2010berlin\/P6176195.JPG\"><img decoding=\"async\" src=\"https:\/\/www.domsvitania.sk\/images\/2010berlin\/cache_160x0\/p6176195.jpg\" style=\"width:160px;margin:0;padding:2px;border-width:1px;\" alt=\"My Gallery (4\/6)\" \/><\/a><\/div>\n<div class=\"fg_thumbnail\" style=\"width:166px;margin:0px 5px 5px 0px;\">\n<a title=\"My Gallery (5\/6)\" href=\"https:\/\/www.domsvitania.sk\/images\/2010berlin\/P6176297.JPG\"><img decoding=\"async\" src=\"https:\/\/www.domsvitania.sk\/images\/2010berlin\/cache_160x0\/p6176297.jpg\" style=\"width:160px;margin:0;padding:2px;border-width:1px;\" alt=\"My Gallery (5\/6)\" \/><\/a><\/div>\n<div class=\"fg_thumbnail\" style=\"width:166px;margin:0px 5px 5px 0px;\">\n<a title=\"My Gallery (6\/6)\" href=\"https:\/\/www.domsvitania.sk\/images\/2010berlin\/P6176343.JPG\"><img decoding=\"async\" src=\"https:\/\/www.domsvitania.sk\/images\/2010berlin\/cache_160x0\/p6176343.jpg\" style=\"width:160px;margin:0;padding:2px;border-width:1px;\" alt=\"My Gallery (6\/6)\" \/><\/a><\/div><br style=\"clear: both\" \/>\n<\/div>\n<\/div>\n","protected":false},"excerpt":{"rendered":"<p>Medzin\u00e1rodn\u00fd svetov\u00fd kongres Inclusion International 2010 o Dohovore OSN o pr\u00e1vach \u013eud\u00ed s ment\u00e1lnym postihnut\u00edm sa konal v d\u0148och 16. -19. j\u00fana v Berl\u00edne. Na tomto kongrese ma zaujali t\u00e9my, ktor\u00e9 tam v r\u00f4znych work\u0161opoch predn\u00e1\u0161ali \u013eudia z Indon\u00e9zie, Anglicka a pod. M\u0148a zaujalo viac t\u00e9m, ktor\u00e9 tam predn\u00e1\u0161ali,napr\u00edklad o za\u010dlenen\u00ed \u013eud\u00ed s ment\u00e1lnym postihnut\u00edm&#8230;<\/p>\n","protected":false},"author":1,"featured_media":1131,"comment_status":"open","ping_status":"open","sticky":false,"template":"","format":"standard","meta":{"_kad_post_transparent":"","_kad_post_title":"","_kad_post_layout":"","_kad_post_sidebar_id":"","_kad_post_content_style":"","_kad_post_vertical_padding":"","_kad_post_feature":"","_kad_post_feature_position":"","_kad_post_header":false,"_kad_post_footer":false,"_kad_post_classname":"","_jetpack_memberships_contains_paid_content":false,"footnotes":""},"categories":[57],"tags":[],"class_list":["post-48","post","type-post","status-publish","format-standard","has-post-thumbnail","hentry","category-archiv"],"yoast_head":"<!-- This site is optimized with the Yoast SEO plugin v26.7 - https:\/\/yoast.com\/wordpress\/plugins\/seo\/ -->\n<title>Berl\u00edn 2010 - Dom Svitania<\/title>\n<meta name=\"robots\" content=\"index, follow, max-snippet:-1, max-image-preview:large, max-video-preview:-1\" \/>\n<link rel=\"canonical\" href=\"https:\/\/www.domsvitania.sk\/?p=48\" \/>\n<meta property=\"og:locale\" content=\"sk_SK\" \/>\n<meta property=\"og:type\" content=\"article\" \/>\n<meta property=\"og:title\" content=\"Berl\u00edn 2010 - Dom Svitania\" \/>\n<meta property=\"og:description\" content=\"Medzin\u00e1rodn\u00fd svetov\u00fd kongres Inclusion International 2010 o Dohovore OSN o pr\u00e1vach \u013eud\u00ed s ment\u00e1lnym postihnut\u00edm sa konal v d\u0148och 16. -19. j\u00fana v Berl\u00edne. Na tomto kongrese ma zaujali t\u00e9my, ktor\u00e9 tam v r\u00f4znych work\u0161opoch predn\u00e1\u0161ali \u013eudia z Indon\u00e9zie, Anglicka a pod. M\u0148a zaujalo viac t\u00e9m, ktor\u00e9 tam predn\u00e1\u0161ali,napr\u00edklad o za\u010dlenen\u00ed \u013eud\u00ed s ment\u00e1lnym postihnut\u00edm...\" \/>\n<meta property=\"og:url\" content=\"https:\/\/www.domsvitania.sk\/?p=48\" \/>\n<meta property=\"og:site_name\" content=\"Dom Svitania\" \/>\n<meta property=\"article:publisher\" content=\"https:\/\/www.facebook.com\/domsvitaniask\" \/>\n<meta property=\"article:published_time\" content=\"2010-09-28T08:17:45+00:00\" \/>\n<meta property=\"article:modified_time\" content=\"2025-02-28T13:27:37+00:00\" \/>\n<meta property=\"og:image\" content=\"https:\/\/www.domsvitania.sk\/wp-content\/uploads\/2010\/09\/P6176073-e1674416518993.jpeg\" \/>\n\t<meta property=\"og:image:width\" content=\"800\" \/>\n\t<meta property=\"og:image:height\" content=\"372\" \/>\n\t<meta property=\"og:image:type\" content=\"image\/jpeg\" \/>\n<meta name=\"author\" content=\"admin\" \/>\n<meta name=\"twitter:card\" content=\"summary_large_image\" \/>\n<meta name=\"twitter:label1\" content=\"Autor\" \/>\n\t<meta name=\"twitter:data1\" content=\"admin\" \/>\n\t<meta name=\"twitter:label2\" content=\"Predpokladan\u00fd \u010das \u010d\u00edtania\" \/>\n\t<meta name=\"twitter:data2\" content=\"5 min\u00fat\" \/>\n<script type=\"application\/ld+json\" class=\"yoast-schema-graph\">{\"@context\":\"https:\/\/schema.org\",\"@graph\":[{\"@type\":\"Article\",\"@id\":\"https:\/\/www.domsvitania.sk\/?p=48#article\",\"isPartOf\":{\"@id\":\"https:\/\/www.domsvitania.sk\/?p=48\"},\"author\":{\"name\":\"admin\",\"@id\":\"https:\/\/www.domsvitania.sk\/#\/schema\/person\/0044dcfade948b8ffe79692cb498c42e\"},\"headline\":\"Berl\u00edn 2010\",\"datePublished\":\"2010-09-28T08:17:45+00:00\",\"dateModified\":\"2025-02-28T13:27:37+00:00\",\"mainEntityOfPage\":{\"@id\":\"https:\/\/www.domsvitania.sk\/?p=48\"},\"wordCount\":984,\"commentCount\":0,\"publisher\":{\"@id\":\"https:\/\/www.domsvitania.sk\/#organization\"},\"image\":{\"@id\":\"https:\/\/www.domsvitania.sk\/?p=48#primaryimage\"},\"thumbnailUrl\":\"https:\/\/www.domsvitania.sk\/wp-content\/uploads\/2010\/09\/P6176073-e1674416518993.jpeg\",\"articleSection\":[\"Archiv\"],\"inLanguage\":\"sk-SK\",\"potentialAction\":[{\"@type\":\"CommentAction\",\"name\":\"Comment\",\"target\":[\"https:\/\/www.domsvitania.sk\/?p=48#respond\"]}]},{\"@type\":\"WebPage\",\"@id\":\"https:\/\/www.domsvitania.sk\/?p=48\",\"url\":\"https:\/\/www.domsvitania.sk\/?p=48\",\"name\":\"Berl\u00edn 2010 - Dom Svitania\",\"isPartOf\":{\"@id\":\"https:\/\/www.domsvitania.sk\/#website\"},\"primaryImageOfPage\":{\"@id\":\"https:\/\/www.domsvitania.sk\/?p=48#primaryimage\"},\"image\":{\"@id\":\"https:\/\/www.domsvitania.sk\/?p=48#primaryimage\"},\"thumbnailUrl\":\"https:\/\/www.domsvitania.sk\/wp-content\/uploads\/2010\/09\/P6176073-e1674416518993.jpeg\",\"datePublished\":\"2010-09-28T08:17:45+00:00\",\"dateModified\":\"2025-02-28T13:27:37+00:00\",\"breadcrumb\":{\"@id\":\"https:\/\/www.domsvitania.sk\/?p=48#breadcrumb\"},\"inLanguage\":\"sk-SK\",\"potentialAction\":[{\"@type\":\"ReadAction\",\"target\":[\"https:\/\/www.domsvitania.sk\/?p=48\"]}]},{\"@type\":\"ImageObject\",\"inLanguage\":\"sk-SK\",\"@id\":\"https:\/\/www.domsvitania.sk\/?p=48#primaryimage\",\"url\":\"https:\/\/www.domsvitania.sk\/wp-content\/uploads\/2010\/09\/P6176073-e1674416518993.jpeg\",\"contentUrl\":\"https:\/\/www.domsvitania.sk\/wp-content\/uploads\/2010\/09\/P6176073-e1674416518993.jpeg\",\"width\":800,\"height\":372},{\"@type\":\"BreadcrumbList\",\"@id\":\"https:\/\/www.domsvitania.sk\/?p=48#breadcrumb\",\"itemListElement\":[{\"@type\":\"ListItem\",\"position\":1,\"name\":\"Domovsk\u00e1 str\u00e1nka\",\"item\":\"https:\/\/www.domsvitania.sk\/\"},{\"@type\":\"ListItem\",\"position\":2,\"name\":\"Berl\u00edn 2010\"}]},{\"@type\":\"WebSite\",\"@id\":\"https:\/\/www.domsvitania.sk\/#website\",\"url\":\"https:\/\/www.domsvitania.sk\/\",\"name\":\"Dom Svitania\",\"description\":\"Rehabilita\u010dn\u00e9 stredisko a chr\u00e1nen\u00e1 diel\u0148a\",\"publisher\":{\"@id\":\"https:\/\/www.domsvitania.sk\/#organization\"},\"potentialAction\":[{\"@type\":\"SearchAction\",\"target\":{\"@type\":\"EntryPoint\",\"urlTemplate\":\"https:\/\/www.domsvitania.sk\/?s={search_term_string}\"},\"query-input\":{\"@type\":\"PropertyValueSpecification\",\"valueRequired\":true,\"valueName\":\"search_term_string\"}}],\"inLanguage\":\"sk-SK\"},{\"@type\":\"Organization\",\"@id\":\"https:\/\/www.domsvitania.sk\/#organization\",\"name\":\"Dom Svitania, n.o.\",\"url\":\"https:\/\/www.domsvitania.sk\/\",\"logo\":{\"@type\":\"ImageObject\",\"inLanguage\":\"sk-SK\",\"@id\":\"https:\/\/www.domsvitania.sk\/#\/schema\/logo\/image\/\",\"url\":\"https:\/\/www.domsvitania.sk\/wp-content\/uploads\/2023\/01\/dom_svitania_logo.jpg\",\"contentUrl\":\"https:\/\/www.domsvitania.sk\/wp-content\/uploads\/2023\/01\/dom_svitania_logo.jpg\",\"width\":243,\"height\":208,\"caption\":\"Dom Svitania, n.o.\"},\"image\":{\"@id\":\"https:\/\/www.domsvitania.sk\/#\/schema\/logo\/image\/\"},\"sameAs\":[\"https:\/\/www.facebook.com\/domsvitaniask\",\"https:\/\/www.instagram.com\/domsvitania\"]},{\"@type\":\"Person\",\"@id\":\"https:\/\/www.domsvitania.sk\/#\/schema\/person\/0044dcfade948b8ffe79692cb498c42e\",\"name\":\"admin\",\"image\":{\"@type\":\"ImageObject\",\"inLanguage\":\"sk-SK\",\"@id\":\"https:\/\/www.domsvitania.sk\/#\/schema\/person\/image\/\",\"url\":\"https:\/\/secure.gravatar.com\/avatar\/53ef7be8d1b92131e110e2a3f8fb8762d6e8986f8fd1802949720b8250706630?s=96&d=mm&r=g\",\"contentUrl\":\"https:\/\/secure.gravatar.com\/avatar\/53ef7be8d1b92131e110e2a3f8fb8762d6e8986f8fd1802949720b8250706630?s=96&d=mm&r=g\",\"caption\":\"admin\"},\"sameAs\":[\"http:\/\/wp.domsvitania.sk\"],\"url\":\"https:\/\/www.domsvitania.sk\/?author=1\"}]}<\/script>\n<!-- \/ Yoast SEO plugin. -->","yoast_head_json":{"title":"Berl\u00edn 2010 - Dom Svitania","robots":{"index":"index","follow":"follow","max-snippet":"max-snippet:-1","max-image-preview":"max-image-preview:large","max-video-preview":"max-video-preview:-1"},"canonical":"https:\/\/www.domsvitania.sk\/?p=48","og_locale":"sk_SK","og_type":"article","og_title":"Berl\u00edn 2010 - Dom Svitania","og_description":"Medzin\u00e1rodn\u00fd svetov\u00fd kongres Inclusion International 2010 o Dohovore OSN o pr\u00e1vach \u013eud\u00ed s ment\u00e1lnym postihnut\u00edm sa konal v d\u0148och 16. -19. j\u00fana v Berl\u00edne. Na tomto kongrese ma zaujali t\u00e9my, ktor\u00e9 tam v r\u00f4znych work\u0161opoch predn\u00e1\u0161ali \u013eudia z Indon\u00e9zie, Anglicka a pod. M\u0148a zaujalo viac t\u00e9m, ktor\u00e9 tam predn\u00e1\u0161ali,napr\u00edklad o za\u010dlenen\u00ed \u013eud\u00ed s ment\u00e1lnym postihnut\u00edm...","og_url":"https:\/\/www.domsvitania.sk\/?p=48","og_site_name":"Dom Svitania","article_publisher":"https:\/\/www.facebook.com\/domsvitaniask","article_published_time":"2010-09-28T08:17:45+00:00","article_modified_time":"2025-02-28T13:27:37+00:00","og_image":[{"width":800,"height":372,"url":"https:\/\/www.domsvitania.sk\/wp-content\/uploads\/2010\/09\/P6176073-e1674416518993.jpeg","type":"image\/jpeg"}],"author":"admin","twitter_card":"summary_large_image","twitter_misc":{"Autor":"admin","Predpokladan\u00fd \u010das \u010d\u00edtania":"5 min\u00fat"},"schema":{"@context":"https:\/\/schema.org","@graph":[{"@type":"Article","@id":"https:\/\/www.domsvitania.sk\/?p=48#article","isPartOf":{"@id":"https:\/\/www.domsvitania.sk\/?p=48"},"author":{"name":"admin","@id":"https:\/\/www.domsvitania.sk\/#\/schema\/person\/0044dcfade948b8ffe79692cb498c42e"},"headline":"Berl\u00edn 2010","datePublished":"2010-09-28T08:17:45+00:00","dateModified":"2025-02-28T13:27:37+00:00","mainEntityOfPage":{"@id":"https:\/\/www.domsvitania.sk\/?p=48"},"wordCount":984,"commentCount":0,"publisher":{"@id":"https:\/\/www.domsvitania.sk\/#organization"},"image":{"@id":"https:\/\/www.domsvitania.sk\/?p=48#primaryimage"},"thumbnailUrl":"https:\/\/www.domsvitania.sk\/wp-content\/uploads\/2010\/09\/P6176073-e1674416518993.jpeg","articleSection":["Archiv"],"inLanguage":"sk-SK","potentialAction":[{"@type":"CommentAction","name":"Comment","target":["https:\/\/www.domsvitania.sk\/?p=48#respond"]}]},{"@type":"WebPage","@id":"https:\/\/www.domsvitania.sk\/?p=48","url":"https:\/\/www.domsvitania.sk\/?p=48","name":"Berl\u00edn 2010 - Dom Svitania","isPartOf":{"@id":"https:\/\/www.domsvitania.sk\/#website"},"primaryImageOfPage":{"@id":"https:\/\/www.domsvitania.sk\/?p=48#primaryimage"},"image":{"@id":"https:\/\/www.domsvitania.sk\/?p=48#primaryimage"},"thumbnailUrl":"https:\/\/www.domsvitania.sk\/wp-content\/uploads\/2010\/09\/P6176073-e1674416518993.jpeg","datePublished":"2010-09-28T08:17:45+00:00","dateModified":"2025-02-28T13:27:37+00:00","breadcrumb":{"@id":"https:\/\/www.domsvitania.sk\/?p=48#breadcrumb"},"inLanguage":"sk-SK","potentialAction":[{"@type":"ReadAction","target":["https:\/\/www.domsvitania.sk\/?p=48"]}]},{"@type":"ImageObject","inLanguage":"sk-SK","@id":"https:\/\/www.domsvitania.sk\/?p=48#primaryimage","url":"https:\/\/www.domsvitania.sk\/wp-content\/uploads\/2010\/09\/P6176073-e1674416518993.jpeg","contentUrl":"https:\/\/www.domsvitania.sk\/wp-content\/uploads\/2010\/09\/P6176073-e1674416518993.jpeg","width":800,"height":372},{"@type":"BreadcrumbList","@id":"https:\/\/www.domsvitania.sk\/?p=48#breadcrumb","itemListElement":[{"@type":"ListItem","position":1,"name":"Domovsk\u00e1 str\u00e1nka","item":"https:\/\/www.domsvitania.sk\/"},{"@type":"ListItem","position":2,"name":"Berl\u00edn 2010"}]},{"@type":"WebSite","@id":"https:\/\/www.domsvitania.sk\/#website","url":"https:\/\/www.domsvitania.sk\/","name":"Dom Svitania","description":"Rehabilita\u010dn\u00e9 stredisko a chr\u00e1nen\u00e1 diel\u0148a","publisher":{"@id":"https:\/\/www.domsvitania.sk\/#organization"},"potentialAction":[{"@type":"SearchAction","target":{"@type":"EntryPoint","urlTemplate":"https:\/\/www.domsvitania.sk\/?s={search_term_string}"},"query-input":{"@type":"PropertyValueSpecification","valueRequired":true,"valueName":"search_term_string"}}],"inLanguage":"sk-SK"},{"@type":"Organization","@id":"https:\/\/www.domsvitania.sk\/#organization","name":"Dom Svitania, n.o.","url":"https:\/\/www.domsvitania.sk\/","logo":{"@type":"ImageObject","inLanguage":"sk-SK","@id":"https:\/\/www.domsvitania.sk\/#\/schema\/logo\/image\/","url":"https:\/\/www.domsvitania.sk\/wp-content\/uploads\/2023\/01\/dom_svitania_logo.jpg","contentUrl":"https:\/\/www.domsvitania.sk\/wp-content\/uploads\/2023\/01\/dom_svitania_logo.jpg","width":243,"height":208,"caption":"Dom Svitania, n.o."},"image":{"@id":"https:\/\/www.domsvitania.sk\/#\/schema\/logo\/image\/"},"sameAs":["https:\/\/www.facebook.com\/domsvitaniask","https:\/\/www.instagram.com\/domsvitania"]},{"@type":"Person","@id":"https:\/\/www.domsvitania.sk\/#\/schema\/person\/0044dcfade948b8ffe79692cb498c42e","name":"admin","image":{"@type":"ImageObject","inLanguage":"sk-SK","@id":"https:\/\/www.domsvitania.sk\/#\/schema\/person\/image\/","url":"https:\/\/secure.gravatar.com\/avatar\/53ef7be8d1b92131e110e2a3f8fb8762d6e8986f8fd1802949720b8250706630?s=96&d=mm&r=g","contentUrl":"https:\/\/secure.gravatar.com\/avatar\/53ef7be8d1b92131e110e2a3f8fb8762d6e8986f8fd1802949720b8250706630?s=96&d=mm&r=g","caption":"admin"},"sameAs":["http:\/\/wp.domsvitania.sk"],"url":"https:\/\/www.domsvitania.sk\/?author=1"}]}},"jetpack_featured_media_url":"https:\/\/www.domsvitania.sk\/wp-content\/uploads\/2010\/09\/P6176073-e1674416518993.jpeg","jetpack_sharing_enabled":true,"_links":{"self":[{"href":"https:\/\/www.domsvitania.sk\/index.php?rest_route=\/wp\/v2\/posts\/48","targetHints":{"allow":["GET"]}}],"collection":[{"href":"https:\/\/www.domsvitania.sk\/index.php?rest_route=\/wp\/v2\/posts"}],"about":[{"href":"https:\/\/www.domsvitania.sk\/index.php?rest_route=\/wp\/v2\/types\/post"}],"author":[{"embeddable":true,"href":"https:\/\/www.domsvitania.sk\/index.php?rest_route=\/wp\/v2\/users\/1"}],"replies":[{"embeddable":true,"href":"https:\/\/www.domsvitania.sk\/index.php?rest_route=%2Fwp%2Fv2%2Fcomments&post=48"}],"version-history":[{"count":2,"href":"https:\/\/www.domsvitania.sk\/index.php?rest_route=\/wp\/v2\/posts\/48\/revisions"}],"predecessor-version":[{"id":1130,"href":"https:\/\/www.domsvitania.sk\/index.php?rest_route=\/wp\/v2\/posts\/48\/revisions\/1130"}],"wp:featuredmedia":[{"embeddable":true,"href":"https:\/\/www.domsvitania.sk\/index.php?rest_route=\/wp\/v2\/media\/1131"}],"wp:attachment":[{"href":"https:\/\/www.domsvitania.sk\/index.php?rest_route=%2Fwp%2Fv2%2Fmedia&parent=48"}],"wp:term":[{"taxonomy":"category","embeddable":true,"href":"https:\/\/www.domsvitania.sk\/index.php?rest_route=%2Fwp%2Fv2%2Fcategories&post=48"},{"taxonomy":"post_tag","embeddable":true,"href":"https:\/\/www.domsvitania.sk\/index.php?rest_route=%2Fwp%2Fv2%2Ftags&post=48"}],"curies":[{"name":"wp","href":"https:\/\/api.w.org\/{rel}","templated":true}]}}