{"id":51,"date":"2010-10-28T03:00:00","date_gmt":"2010-10-28T01:00:00","guid":{"rendered":"https:\/\/wp.domsvitania.sk\/?p=51"},"modified":"2025-02-28T14:27:10","modified_gmt":"2025-02-28T13:27:10","slug":"de-otvorenych-dveri-20102010-v-dome-svitania","status":"publish","type":"post","link":"https:\/\/www.domsvitania.sk\/?p=51","title":{"rendered":"De\u0148 otvoren\u00fdch dver\u00ed 20.10.2010 v Dome Svitania"},"content":{"rendered":"<div align=\"justify\">Ka\u017ed\u00fdm rokom na jese\u0148 m\u00e1me u n\u00e1s v Dome Svitania v Jakubove De\u0148 otvoren\u00fdch dver\u00ed (DOD). Host\u00ed poz\u00fdvame u\u017e od leta. \u010casto chod\u00edme po r\u00f4znych predajoch a akci\u00e1ch firiem, prezentujeme sa na\u0161imi v\u00fdrobkami, let\u00e1kmi, mil\u00fdm pr\u00edstupom k z\u00e1kazn\u00edkovi a nos\u00edme na\u0161e firemn\u00e9 tri\u010dko.<br \/>\nPoz\u00fdvame aj zahrani\u010dn\u00fdch host\u00ed a hovor\u00edme im, nech si zober\u00fa so sebou aj priate\u013eov. Pred ka\u017ed\u00fdm DOD vyr\u00e1bame na po\u010d\u00edta\u010di prezent\u00e1ciu fotografi\u00ed, ktor\u00fa potom prezentuje ur\u010den\u00e1 dvojica. Tento rok som to bola ja s kolegom Du\u0161anom.<\/div>\n<p><!--more--><\/p>\n<div align=\"justify\"><b>Nastal de\u0148 \u201eD\u201c<\/b><br \/>\nR\u00e1no sme si vysk\u00fa\u0161ali prezent\u00e1ciu s Du\u0161anom, sprev\u00e1dzaj\u00faci si obliekli na\u0161e firemn\u00e9 tri\u010dk\u00e1, aj my dvaja sme si ich obliekli a u\u017e od pol deviatej sme mali prv\u00fdch n\u00e1v\u0161tevn\u00edkov. Kolegovia, ktor\u00ed sprev\u00e1dzali, boli patri\u010dne pripraven\u00ed. Ja s kolegom sme po\u010dkali, k\u00fdm sa n\u00e1m napln\u00ed rehabilita\u010dn\u00e9 stredisko. Obsl\u00fa\u017eili sme host\u00ed, usadili ich a zatia\u013e, \u010do oni pop\u00edjali k\u00e1vi\u010dku, \u010daj a ochutn\u00e1vali chleb\u00ed\u010dky a z\u00e1kusky, my sme za\u010dali na\u0161u prezent\u00e1ciu. Zo za\u010diatku mi to i\u0161lo pomal\u0161ie, ale zvl\u00e1dla som to. Potom mi to u\u017e i\u0161lo dobre, sama som si vedela pos\u00fava\u0165 fotky a komentova\u0165. Pom\u00e1hala n\u00e1m aj na\u0161a asistentka Ani\u010dka, ktorej ve\u013emi rada pom\u00e1ham v rehabilita\u010dnom stredisku. Prezent\u00e1cie sa hos\u0165om p\u00e1\u010dili a zo\u017eali sme potlesk. Ka\u017edej skupiny sme sa op\u00fdtali, \u010do by ich e\u0161te zauj\u00edmalo.<br \/>\nMoji sprev\u00e1dzaj\u00faci kolegovia urobili kus pr\u00e1ce, lebo previes\u0165 skupinku host\u00ed, vysvetli\u0165 ako to u n\u00e1s chod\u00ed, \u010do rob\u00edme, ako rob\u00edme, to nie je len tak, to pozn\u00e1m, lebo aj ja som po minul\u00e9 roky host\u00ed sprev\u00e1dzala. Po prehliadke dieln\u00ed priviedli moji kolegovia host\u00ed ku n\u00e1m. Hostia si mohli zak\u00fapi\u0165 alebo objedna\u0165 na\u0161e v\u00fdrobky. Na\u0161e pani majstrov\u00e9 urobili kus pr\u00e1ce. My pod ich doh\u013eadom sme pripravovali v\u00fdrobky, ktor\u00e9 sa pred\u00e1vaj\u00fa.<br \/>\nNa\u0161a pani riadite\u013eka s asistentkou tie\u017e v\u00edtali host\u00ed a sem tam si pani riadite\u013eka nachv\u00ed\u013eu sadla k n\u00e1m do rehabilita\u010dn\u00e9ho strediska a po\u010d\u00favala, ako n\u00e1m to ide, nie\u010do doplnila, ke\u010f sme zabudli poveda\u0165.<br \/>\nDe\u0148 otvoren\u00fdch dver\u00ed sa vydaril. Som rada, \u017ee tu m\u00f4\u017eem pracova\u0165. U\u017e sa te\u0161\u00edm na bud\u00faci rok.<\/p>\n<p>Kamilka<\/p>\n<p>Bolo tu ve\u013ea \u013eud\u00ed, viac ako minul\u00fd rok a ve\u013ea nov\u00fdch tv\u00e1r\u00ed. Mnoh\u00ed si v na\u0161ej kn\u00edhviaza\u010dskej dielni objednali nov\u00e9 krabi\u010dky.<\/p>\n<p>Pe\u0165o<\/p>\n<p>Ve\u013ea \u013eud\u00ed bolo, ve\u013ea z\u00e1\u017eitkov, aj sme nejak\u00e9 peniaze zarobili.<\/p>\n<p>He\u0148o<\/p>\n<p>Na DOD sa mi p\u00e1\u010dilo, ke\u010f pri\u0161li \u0161k\u00f4lkari a \u0161kol\u00e1ci. Bolo ve\u013ea \u013eud\u00ed a to sa mi p\u00e1\u010dilo.<\/p>\n<p>Zdenka<\/p>\n<p>Bolo ve\u013emi dobre, chodilo ve\u013emi ve\u013ea \u013eud\u00ed do poslednej chv\u00edle. V\u0161etky strom\u010deky, ktor\u00e9 som sta\u010dila vyzdobi\u0165, sa predali.<\/p>\n<p>Martina<\/p>\n<p>L\u00fabilo sa mi, \u017ee pri\u0161lo dos\u0165 \u013eud\u00ed a pri\u0161li sa pozrie\u0165 na n\u00e1s.<\/p>\n<p>Andrej<\/p>\n<p>Pri\u0161iel za mnou tatko, krstn\u00e1 a sesternica. Ve\u013emi ma to pote\u0161ilo.<\/p>\n<p>Majka<\/p>\n<p>Na DOD bolo ve\u013emi dobre. Sprev\u00e1dzal som spolu s Mari\u00e1nom host\u00ed. Pri\u0161lo ve\u013ea nov\u00fdch \u013eud\u00ed, ktor\u00fdm sa tu p\u00e1\u010dilo. Na DOD bola super n\u00e1lada.<\/p>\n<p>\u013dubko<\/p>\n<p>No DOD sa mi l\u00fabilo to, ako som s \u013dubkom sprev\u00e1dzal host\u00ed, p\u00e1\u010dil sa im m\u00f4j v\u00fdkon. A bola dobr\u00e1 atmosf\u00e9ra.<\/p>\n<p>Mari\u00e1n<\/p>\n<p>Na DOD pri\u0161li siedmi Tatranci, ktor\u00ed boli ve\u013emi vtipn\u00ed, zo v\u0161etk\u00e9ho si robili vtipy. Robko a ja sme sa museli smia\u0165.<\/p>\n<p>Janka<\/p>\n<p>Najlep\u0161\u00edmi sprievodcami boli pod\u013ea m\u0148a \u013dubko a Mari\u00e1n. Sna\u017eili sa \u010do najviac rozvies\u0165 konverz\u00e1ciu o pr\u00e1cach v dielni a zap\u00e1jali aj vtipn\u00fdch kolegov z kn\u00edhviaza\u010dskej dielne. Vytvorili tak lep\u0161\u00ed z\u00e1ujem o pr\u00e1cu<br \/>\nv diel\u0148ach. Aj t\u00fdm prispeli k nov\u00fdm objedn\u00e1vkam na krabi\u010dky.<br \/>\nRozhovory o pr\u00e1ci v kn\u00edhviaza\u010dskej dielni boli vecne kon\u0161trukt\u00edvne, tvorivo vy\u010derp\u00e1vaj\u00face, so z\u00e1ujmom o pochopenie na\u0161ej pr\u00e1ce, s pozit\u00edvnym ohlasom na na\u0161u pr\u00e1cu a humorn\u00fdm pr\u00edstupom, ktor\u00fd panoval v dielni kn\u00edhviaza\u010dov.<\/p>\n<p>Vlado<\/p>\n<\/div>\n<div><div class=\"fg_gallery\">\n<div class=\"fg_thumbnail\" style=\"width:166px;margin:0px 5px 5px 0px;\">\n<a title=\"My Gallery (1\/6)\" href=\"https:\/\/www.domsvitania.sk\/images\/2010DOD\/DSCF0178.JPG\"><img decoding=\"async\" src=\"https:\/\/www.domsvitania.sk\/images\/2010DOD\/cache_160x0\/dscf0178.jpg\" style=\"width:160px;margin:0;padding:2px;border-width:1px;\" alt=\"My Gallery (1\/6)\" \/><\/a><\/div>\n<div class=\"fg_thumbnail\" style=\"width:166px;margin:0px 5px 5px 0px;\">\n<a title=\"My Gallery (2\/6)\" href=\"https:\/\/www.domsvitania.sk\/images\/2010DOD\/P1100608.JPG\"><img decoding=\"async\" src=\"https:\/\/www.domsvitania.sk\/images\/2010DOD\/cache_160x0\/p1100608.jpg\" style=\"width:160px;margin:0;padding:2px;border-width:1px;\" alt=\"My Gallery (2\/6)\" \/><\/a><\/div>\n<div class=\"fg_thumbnail\" style=\"width:166px;margin:0px 5px 5px 0px;\">\n<a title=\"My Gallery (3\/6)\" href=\"https:\/\/www.domsvitania.sk\/images\/2010DOD\/P1100651.JPG\"><img decoding=\"async\" src=\"https:\/\/www.domsvitania.sk\/images\/2010DOD\/cache_160x0\/p1100651.jpg\" style=\"width:160px;margin:0;padding:2px;border-width:1px;\" alt=\"My Gallery (3\/6)\" \/><\/a><\/div>\n<div class=\"fg_thumbnail\" style=\"width:166px;margin:0px 5px 5px 0px;\">\n<a title=\"My Gallery (4\/6)\" href=\"https:\/\/www.domsvitania.sk\/images\/2010DOD\/P1100655.JPG\"><img decoding=\"async\" src=\"https:\/\/www.domsvitania.sk\/images\/2010DOD\/cache_160x0\/p1100655.jpg\" style=\"width:160px;margin:0;padding:2px;border-width:1px;\" alt=\"My Gallery (4\/6)\" \/><\/a><\/div>\n<div class=\"fg_thumbnail\" style=\"width:166px;margin:0px 5px 5px 0px;\">\n<a title=\"My Gallery (5\/6)\" href=\"https:\/\/www.domsvitania.sk\/images\/2010DOD\/P1100661.JPG\"><img decoding=\"async\" src=\"https:\/\/www.domsvitania.sk\/images\/2010DOD\/cache_160x0\/p1100661.jpg\" style=\"width:160px;margin:0;padding:2px;border-width:1px;\" alt=\"My Gallery (5\/6)\" \/><\/a><\/div>\n<div class=\"fg_thumbnail\" style=\"width:166px;margin:0px 5px 5px 0px;\">\n<a title=\"My Gallery (6\/6)\" href=\"https:\/\/www.domsvitania.sk\/images\/2010DOD\/P1100668.JPG\"><img decoding=\"async\" src=\"https:\/\/www.domsvitania.sk\/images\/2010DOD\/cache_160x0\/p1100668.jpg\" style=\"width:160px;margin:0;padding:2px;border-width:1px;\" alt=\"My Gallery (6\/6)\" \/><\/a><\/div><br style=\"clear: both\" \/>\n<\/div>\n<\/div>\n","protected":false},"excerpt":{"rendered":"<p>Ka\u017ed\u00fdm rokom na jese\u0148 m\u00e1me u n\u00e1s v Dome Svitania v Jakubove De\u0148 otvoren\u00fdch dver\u00ed (DOD). Host\u00ed poz\u00fdvame u\u017e od leta. \u010casto chod\u00edme po r\u00f4znych predajoch a akci\u00e1ch firiem, prezentujeme sa na\u0161imi v\u00fdrobkami, let\u00e1kmi, mil\u00fdm pr\u00edstupom k z\u00e1kazn\u00edkovi a nos\u00edme na\u0161e firemn\u00e9 tri\u010dko. Poz\u00fdvame aj zahrani\u010dn\u00fdch host\u00ed a hovor\u00edme im, nech si zober\u00fa so sebou&#8230;<\/p>\n","protected":false},"author":1,"featured_media":1126,"comment_status":"open","ping_status":"open","sticky":false,"template":"","format":"standard","meta":{"_kad_post_transparent":"","_kad_post_title":"","_kad_post_layout":"","_kad_post_sidebar_id":"","_kad_post_content_style":"","_kad_post_vertical_padding":"","_kad_post_feature":"","_kad_post_feature_position":"","_kad_post_header":false,"_kad_post_footer":false,"_kad_post_classname":"","_jetpack_memberships_contains_paid_content":false,"footnotes":""},"categories":[57],"tags":[],"class_list":["post-51","post","type-post","status-publish","format-standard","has-post-thumbnail","hentry","category-archiv"],"yoast_head":"<!-- This site is optimized with the Yoast SEO plugin v26.7 - https:\/\/yoast.com\/wordpress\/plugins\/seo\/ -->\n<title>De\u0148 otvoren\u00fdch dver\u00ed 20.10.2010 v Dome Svitania - Dom Svitania<\/title>\n<meta name=\"robots\" content=\"index, follow, max-snippet:-1, max-image-preview:large, max-video-preview:-1\" \/>\n<link rel=\"canonical\" href=\"https:\/\/www.domsvitania.sk\/?p=51\" \/>\n<meta property=\"og:locale\" content=\"sk_SK\" \/>\n<meta property=\"og:type\" content=\"article\" \/>\n<meta property=\"og:title\" content=\"De\u0148 otvoren\u00fdch dver\u00ed 20.10.2010 v Dome Svitania - Dom Svitania\" \/>\n<meta property=\"og:description\" content=\"Ka\u017ed\u00fdm rokom na jese\u0148 m\u00e1me u n\u00e1s v Dome Svitania v Jakubove De\u0148 otvoren\u00fdch dver\u00ed (DOD). Host\u00ed poz\u00fdvame u\u017e od leta. \u010casto chod\u00edme po r\u00f4znych predajoch a akci\u00e1ch firiem, prezentujeme sa na\u0161imi v\u00fdrobkami, let\u00e1kmi, mil\u00fdm pr\u00edstupom k z\u00e1kazn\u00edkovi a nos\u00edme na\u0161e firemn\u00e9 tri\u010dko. Poz\u00fdvame aj zahrani\u010dn\u00fdch host\u00ed a hovor\u00edme im, nech si zober\u00fa so sebou...\" \/>\n<meta property=\"og:url\" content=\"https:\/\/www.domsvitania.sk\/?p=51\" \/>\n<meta property=\"og:site_name\" content=\"Dom Svitania\" \/>\n<meta property=\"article:publisher\" content=\"https:\/\/www.facebook.com\/domsvitaniask\" \/>\n<meta property=\"article:published_time\" content=\"2010-10-28T01:00:00+00:00\" \/>\n<meta property=\"article:modified_time\" content=\"2025-02-28T13:27:10+00:00\" \/>\n<meta property=\"og:image\" content=\"https:\/\/www.domsvitania.sk\/wp-content\/uploads\/2010\/10\/P1100651-e1674416334677.jpeg\" \/>\n\t<meta property=\"og:image:width\" content=\"592\" \/>\n\t<meta property=\"og:image:height\" content=\"394\" \/>\n\t<meta property=\"og:image:type\" content=\"image\/jpeg\" \/>\n<meta name=\"author\" content=\"admin\" \/>\n<meta name=\"twitter:card\" content=\"summary_large_image\" \/>\n<meta name=\"twitter:label1\" content=\"Autor\" \/>\n\t<meta name=\"twitter:data1\" content=\"admin\" \/>\n\t<meta name=\"twitter:label2\" content=\"Predpokladan\u00fd \u010das \u010d\u00edtania\" \/>\n\t<meta name=\"twitter:data2\" content=\"4 min\u00faty\" \/>\n<script type=\"application\/ld+json\" class=\"yoast-schema-graph\">{\"@context\":\"https:\/\/schema.org\",\"@graph\":[{\"@type\":\"Article\",\"@id\":\"https:\/\/www.domsvitania.sk\/?p=51#article\",\"isPartOf\":{\"@id\":\"https:\/\/www.domsvitania.sk\/?p=51\"},\"author\":{\"name\":\"admin\",\"@id\":\"https:\/\/www.domsvitania.sk\/#\/schema\/person\/0044dcfade948b8ffe79692cb498c42e\"},\"headline\":\"De\u0148 otvoren\u00fdch dver\u00ed 20.10.2010 v Dome Svitania\",\"datePublished\":\"2010-10-28T01:00:00+00:00\",\"dateModified\":\"2025-02-28T13:27:10+00:00\",\"mainEntityOfPage\":{\"@id\":\"https:\/\/www.domsvitania.sk\/?p=51\"},\"wordCount\":778,\"commentCount\":0,\"publisher\":{\"@id\":\"https:\/\/www.domsvitania.sk\/#organization\"},\"image\":{\"@id\":\"https:\/\/www.domsvitania.sk\/?p=51#primaryimage\"},\"thumbnailUrl\":\"https:\/\/www.domsvitania.sk\/wp-content\/uploads\/2010\/10\/P1100651-e1674416334677.jpeg\",\"articleSection\":[\"Archiv\"],\"inLanguage\":\"sk-SK\",\"potentialAction\":[{\"@type\":\"CommentAction\",\"name\":\"Comment\",\"target\":[\"https:\/\/www.domsvitania.sk\/?p=51#respond\"]}]},{\"@type\":\"WebPage\",\"@id\":\"https:\/\/www.domsvitania.sk\/?p=51\",\"url\":\"https:\/\/www.domsvitania.sk\/?p=51\",\"name\":\"De\u0148 otvoren\u00fdch dver\u00ed 20.10.2010 v Dome Svitania - Dom Svitania\",\"isPartOf\":{\"@id\":\"https:\/\/www.domsvitania.sk\/#website\"},\"primaryImageOfPage\":{\"@id\":\"https:\/\/www.domsvitania.sk\/?p=51#primaryimage\"},\"image\":{\"@id\":\"https:\/\/www.domsvitania.sk\/?p=51#primaryimage\"},\"thumbnailUrl\":\"https:\/\/www.domsvitania.sk\/wp-content\/uploads\/2010\/10\/P1100651-e1674416334677.jpeg\",\"datePublished\":\"2010-10-28T01:00:00+00:00\",\"dateModified\":\"2025-02-28T13:27:10+00:00\",\"breadcrumb\":{\"@id\":\"https:\/\/www.domsvitania.sk\/?p=51#breadcrumb\"},\"inLanguage\":\"sk-SK\",\"potentialAction\":[{\"@type\":\"ReadAction\",\"target\":[\"https:\/\/www.domsvitania.sk\/?p=51\"]}]},{\"@type\":\"ImageObject\",\"inLanguage\":\"sk-SK\",\"@id\":\"https:\/\/www.domsvitania.sk\/?p=51#primaryimage\",\"url\":\"https:\/\/www.domsvitania.sk\/wp-content\/uploads\/2010\/10\/P1100651-e1674416334677.jpeg\",\"contentUrl\":\"https:\/\/www.domsvitania.sk\/wp-content\/uploads\/2010\/10\/P1100651-e1674416334677.jpeg\",\"width\":592,\"height\":394},{\"@type\":\"BreadcrumbList\",\"@id\":\"https:\/\/www.domsvitania.sk\/?p=51#breadcrumb\",\"itemListElement\":[{\"@type\":\"ListItem\",\"position\":1,\"name\":\"Domovsk\u00e1 str\u00e1nka\",\"item\":\"https:\/\/www.domsvitania.sk\/\"},{\"@type\":\"ListItem\",\"position\":2,\"name\":\"De\u0148 otvoren\u00fdch dver\u00ed 20.10.2010 v Dome Svitania\"}]},{\"@type\":\"WebSite\",\"@id\":\"https:\/\/www.domsvitania.sk\/#website\",\"url\":\"https:\/\/www.domsvitania.sk\/\",\"name\":\"Dom Svitania\",\"description\":\"Rehabilita\u010dn\u00e9 stredisko a chr\u00e1nen\u00e1 diel\u0148a\",\"publisher\":{\"@id\":\"https:\/\/www.domsvitania.sk\/#organization\"},\"potentialAction\":[{\"@type\":\"SearchAction\",\"target\":{\"@type\":\"EntryPoint\",\"urlTemplate\":\"https:\/\/www.domsvitania.sk\/?s={search_term_string}\"},\"query-input\":{\"@type\":\"PropertyValueSpecification\",\"valueRequired\":true,\"valueName\":\"search_term_string\"}}],\"inLanguage\":\"sk-SK\"},{\"@type\":\"Organization\",\"@id\":\"https:\/\/www.domsvitania.sk\/#organization\",\"name\":\"Dom Svitania, n.o.\",\"url\":\"https:\/\/www.domsvitania.sk\/\",\"logo\":{\"@type\":\"ImageObject\",\"inLanguage\":\"sk-SK\",\"@id\":\"https:\/\/www.domsvitania.sk\/#\/schema\/logo\/image\/\",\"url\":\"https:\/\/www.domsvitania.sk\/wp-content\/uploads\/2023\/01\/dom_svitania_logo.jpg\",\"contentUrl\":\"https:\/\/www.domsvitania.sk\/wp-content\/uploads\/2023\/01\/dom_svitania_logo.jpg\",\"width\":243,\"height\":208,\"caption\":\"Dom Svitania, n.o.\"},\"image\":{\"@id\":\"https:\/\/www.domsvitania.sk\/#\/schema\/logo\/image\/\"},\"sameAs\":[\"https:\/\/www.facebook.com\/domsvitaniask\",\"https:\/\/www.instagram.com\/domsvitania\"]},{\"@type\":\"Person\",\"@id\":\"https:\/\/www.domsvitania.sk\/#\/schema\/person\/0044dcfade948b8ffe79692cb498c42e\",\"name\":\"admin\",\"image\":{\"@type\":\"ImageObject\",\"inLanguage\":\"sk-SK\",\"@id\":\"https:\/\/www.domsvitania.sk\/#\/schema\/person\/image\/\",\"url\":\"https:\/\/secure.gravatar.com\/avatar\/53ef7be8d1b92131e110e2a3f8fb8762d6e8986f8fd1802949720b8250706630?s=96&d=mm&r=g\",\"contentUrl\":\"https:\/\/secure.gravatar.com\/avatar\/53ef7be8d1b92131e110e2a3f8fb8762d6e8986f8fd1802949720b8250706630?s=96&d=mm&r=g\",\"caption\":\"admin\"},\"sameAs\":[\"http:\/\/wp.domsvitania.sk\"],\"url\":\"https:\/\/www.domsvitania.sk\/?author=1\"}]}<\/script>\n<!-- \/ Yoast SEO plugin. -->","yoast_head_json":{"title":"De\u0148 otvoren\u00fdch dver\u00ed 20.10.2010 v Dome Svitania - Dom Svitania","robots":{"index":"index","follow":"follow","max-snippet":"max-snippet:-1","max-image-preview":"max-image-preview:large","max-video-preview":"max-video-preview:-1"},"canonical":"https:\/\/www.domsvitania.sk\/?p=51","og_locale":"sk_SK","og_type":"article","og_title":"De\u0148 otvoren\u00fdch dver\u00ed 20.10.2010 v Dome Svitania - Dom Svitania","og_description":"Ka\u017ed\u00fdm rokom na jese\u0148 m\u00e1me u n\u00e1s v Dome Svitania v Jakubove De\u0148 otvoren\u00fdch dver\u00ed (DOD). Host\u00ed poz\u00fdvame u\u017e od leta. \u010casto chod\u00edme po r\u00f4znych predajoch a akci\u00e1ch firiem, prezentujeme sa na\u0161imi v\u00fdrobkami, let\u00e1kmi, mil\u00fdm pr\u00edstupom k z\u00e1kazn\u00edkovi a nos\u00edme na\u0161e firemn\u00e9 tri\u010dko. Poz\u00fdvame aj zahrani\u010dn\u00fdch host\u00ed a hovor\u00edme im, nech si zober\u00fa so sebou...","og_url":"https:\/\/www.domsvitania.sk\/?p=51","og_site_name":"Dom Svitania","article_publisher":"https:\/\/www.facebook.com\/domsvitaniask","article_published_time":"2010-10-28T01:00:00+00:00","article_modified_time":"2025-02-28T13:27:10+00:00","og_image":[{"width":592,"height":394,"url":"https:\/\/www.domsvitania.sk\/wp-content\/uploads\/2010\/10\/P1100651-e1674416334677.jpeg","type":"image\/jpeg"}],"author":"admin","twitter_card":"summary_large_image","twitter_misc":{"Autor":"admin","Predpokladan\u00fd \u010das \u010d\u00edtania":"4 min\u00faty"},"schema":{"@context":"https:\/\/schema.org","@graph":[{"@type":"Article","@id":"https:\/\/www.domsvitania.sk\/?p=51#article","isPartOf":{"@id":"https:\/\/www.domsvitania.sk\/?p=51"},"author":{"name":"admin","@id":"https:\/\/www.domsvitania.sk\/#\/schema\/person\/0044dcfade948b8ffe79692cb498c42e"},"headline":"De\u0148 otvoren\u00fdch dver\u00ed 20.10.2010 v Dome Svitania","datePublished":"2010-10-28T01:00:00+00:00","dateModified":"2025-02-28T13:27:10+00:00","mainEntityOfPage":{"@id":"https:\/\/www.domsvitania.sk\/?p=51"},"wordCount":778,"commentCount":0,"publisher":{"@id":"https:\/\/www.domsvitania.sk\/#organization"},"image":{"@id":"https:\/\/www.domsvitania.sk\/?p=51#primaryimage"},"thumbnailUrl":"https:\/\/www.domsvitania.sk\/wp-content\/uploads\/2010\/10\/P1100651-e1674416334677.jpeg","articleSection":["Archiv"],"inLanguage":"sk-SK","potentialAction":[{"@type":"CommentAction","name":"Comment","target":["https:\/\/www.domsvitania.sk\/?p=51#respond"]}]},{"@type":"WebPage","@id":"https:\/\/www.domsvitania.sk\/?p=51","url":"https:\/\/www.domsvitania.sk\/?p=51","name":"De\u0148 otvoren\u00fdch dver\u00ed 20.10.2010 v Dome Svitania - Dom Svitania","isPartOf":{"@id":"https:\/\/www.domsvitania.sk\/#website"},"primaryImageOfPage":{"@id":"https:\/\/www.domsvitania.sk\/?p=51#primaryimage"},"image":{"@id":"https:\/\/www.domsvitania.sk\/?p=51#primaryimage"},"thumbnailUrl":"https:\/\/www.domsvitania.sk\/wp-content\/uploads\/2010\/10\/P1100651-e1674416334677.jpeg","datePublished":"2010-10-28T01:00:00+00:00","dateModified":"2025-02-28T13:27:10+00:00","breadcrumb":{"@id":"https:\/\/www.domsvitania.sk\/?p=51#breadcrumb"},"inLanguage":"sk-SK","potentialAction":[{"@type":"ReadAction","target":["https:\/\/www.domsvitania.sk\/?p=51"]}]},{"@type":"ImageObject","inLanguage":"sk-SK","@id":"https:\/\/www.domsvitania.sk\/?p=51#primaryimage","url":"https:\/\/www.domsvitania.sk\/wp-content\/uploads\/2010\/10\/P1100651-e1674416334677.jpeg","contentUrl":"https:\/\/www.domsvitania.sk\/wp-content\/uploads\/2010\/10\/P1100651-e1674416334677.jpeg","width":592,"height":394},{"@type":"BreadcrumbList","@id":"https:\/\/www.domsvitania.sk\/?p=51#breadcrumb","itemListElement":[{"@type":"ListItem","position":1,"name":"Domovsk\u00e1 str\u00e1nka","item":"https:\/\/www.domsvitania.sk\/"},{"@type":"ListItem","position":2,"name":"De\u0148 otvoren\u00fdch dver\u00ed 20.10.2010 v Dome Svitania"}]},{"@type":"WebSite","@id":"https:\/\/www.domsvitania.sk\/#website","url":"https:\/\/www.domsvitania.sk\/","name":"Dom Svitania","description":"Rehabilita\u010dn\u00e9 stredisko a chr\u00e1nen\u00e1 diel\u0148a","publisher":{"@id":"https:\/\/www.domsvitania.sk\/#organization"},"potentialAction":[{"@type":"SearchAction","target":{"@type":"EntryPoint","urlTemplate":"https:\/\/www.domsvitania.sk\/?s={search_term_string}"},"query-input":{"@type":"PropertyValueSpecification","valueRequired":true,"valueName":"search_term_string"}}],"inLanguage":"sk-SK"},{"@type":"Organization","@id":"https:\/\/www.domsvitania.sk\/#organization","name":"Dom Svitania, n.o.","url":"https:\/\/www.domsvitania.sk\/","logo":{"@type":"ImageObject","inLanguage":"sk-SK","@id":"https:\/\/www.domsvitania.sk\/#\/schema\/logo\/image\/","url":"https:\/\/www.domsvitania.sk\/wp-content\/uploads\/2023\/01\/dom_svitania_logo.jpg","contentUrl":"https:\/\/www.domsvitania.sk\/wp-content\/uploads\/2023\/01\/dom_svitania_logo.jpg","width":243,"height":208,"caption":"Dom Svitania, n.o."},"image":{"@id":"https:\/\/www.domsvitania.sk\/#\/schema\/logo\/image\/"},"sameAs":["https:\/\/www.facebook.com\/domsvitaniask","https:\/\/www.instagram.com\/domsvitania"]},{"@type":"Person","@id":"https:\/\/www.domsvitania.sk\/#\/schema\/person\/0044dcfade948b8ffe79692cb498c42e","name":"admin","image":{"@type":"ImageObject","inLanguage":"sk-SK","@id":"https:\/\/www.domsvitania.sk\/#\/schema\/person\/image\/","url":"https:\/\/secure.gravatar.com\/avatar\/53ef7be8d1b92131e110e2a3f8fb8762d6e8986f8fd1802949720b8250706630?s=96&d=mm&r=g","contentUrl":"https:\/\/secure.gravatar.com\/avatar\/53ef7be8d1b92131e110e2a3f8fb8762d6e8986f8fd1802949720b8250706630?s=96&d=mm&r=g","caption":"admin"},"sameAs":["http:\/\/wp.domsvitania.sk"],"url":"https:\/\/www.domsvitania.sk\/?author=1"}]}},"jetpack_featured_media_url":"https:\/\/www.domsvitania.sk\/wp-content\/uploads\/2010\/10\/P1100651-e1674416334677.jpeg","jetpack_sharing_enabled":true,"_links":{"self":[{"href":"https:\/\/www.domsvitania.sk\/index.php?rest_route=\/wp\/v2\/posts\/51","targetHints":{"allow":["GET"]}}],"collection":[{"href":"https:\/\/www.domsvitania.sk\/index.php?rest_route=\/wp\/v2\/posts"}],"about":[{"href":"https:\/\/www.domsvitania.sk\/index.php?rest_route=\/wp\/v2\/types\/post"}],"author":[{"embeddable":true,"href":"https:\/\/www.domsvitania.sk\/index.php?rest_route=\/wp\/v2\/users\/1"}],"replies":[{"embeddable":true,"href":"https:\/\/www.domsvitania.sk\/index.php?rest_route=%2Fwp%2Fv2%2Fcomments&post=51"}],"version-history":[{"count":2,"href":"https:\/\/www.domsvitania.sk\/index.php?rest_route=\/wp\/v2\/posts\/51\/revisions"}],"predecessor-version":[{"id":1125,"href":"https:\/\/www.domsvitania.sk\/index.php?rest_route=\/wp\/v2\/posts\/51\/revisions\/1125"}],"wp:featuredmedia":[{"embeddable":true,"href":"https:\/\/www.domsvitania.sk\/index.php?rest_route=\/wp\/v2\/media\/1126"}],"wp:attachment":[{"href":"https:\/\/www.domsvitania.sk\/index.php?rest_route=%2Fwp%2Fv2%2Fmedia&parent=51"}],"wp:term":[{"taxonomy":"category","embeddable":true,"href":"https:\/\/www.domsvitania.sk\/index.php?rest_route=%2Fwp%2Fv2%2Fcategories&post=51"},{"taxonomy":"post_tag","embeddable":true,"href":"https:\/\/www.domsvitania.sk\/index.php?rest_route=%2Fwp%2Fv2%2Ftags&post=51"}],"curies":[{"name":"wp","href":"https:\/\/api.w.org\/{rel}","templated":true}]}}