{"id":87,"date":"2012-06-14T10:43:59","date_gmt":"2012-06-14T08:43:59","guid":{"rendered":"https:\/\/wp.domsvitania.sk\/?p=87"},"modified":"2025-02-28T14:24:45","modified_gmt":"2025-02-28T13:24:45","slug":"de-krivych-zrkadiel-2012","status":"publish","type":"post","link":"https:\/\/www.domsvitania.sk\/?p=87","title":{"rendered":"De\u0148 kriv\u00fdch zrkadiel 2012"},"content":{"rendered":"<p>12. j\u00fan je ka\u017edoro\u010dne a u\u017e tradi\u010dne D\u0148om kriv\u00fdch zrkadiel na Slovensku. Je to de\u0148, po\u010das ktor\u00e9ho sa na mnoh\u00fdch miestach Slovenska organizuj\u00fa akcie na podporu a zmenu postojov verejnosti vo\u010di \u013eu\u010fom s ment\u00e1lnym postihnut\u00edm.<br \/>\nV utorok 12. j\u00fana 2012 sa Dom Svitania, n.o. ako ka\u017ed\u00fd rok op\u00e4\u0165 z\u00fa\u010dastnil na tomto podujat\u00ed v Bratislave na Hviezdoslavovom n\u00e1mest\u00ed.<br \/>\n<b>\u201eSme tak\u00ed ist\u00ed ako vy.\u201c \u201eChceme \u017ei\u0165 s vami.\u201c &#8230;<\/b><br \/>\n<!--more--><\/p>\n<div align=\"justify\">\n12. j\u00fan je ka\u017edoro\u010dne a u\u017e tradi\u010dne D\u0148om kriv\u00fdch zrkadiel na Slovensku. Je to de\u0148, po\u010das ktor\u00e9ho sa na mnoh\u00fdch miestach Slovenska organizuj\u00fa akcie na podporu a zmenu postojov verejnosti vo\u010di \u013eu\u010fom s ment\u00e1lnym postihnut\u00edm.&nbsp;<\/p>\n<p><img loading=\"lazy\" decoding=\"async\" style=\"float: left;\" title=\"Image\" src=\"images\/2012DKZ\/01.jpg\" alt=\"Image\" width=\"295\" height=\"266\" border=\"0\" hspace=\"6\"><br \/>\nV utorok 12. j\u00fana 2012 sa Dom Svitania, n.o. ako ka\u017ed\u00fd rok op\u00e4\u0165 z\u00fa\u010dastnil na tomto podujat\u00ed v Bratislave na Hviezdoslavovom n\u00e1mest\u00ed.<br \/>\n\u201eSme tak\u00ed ist\u00ed ako vy.\u201c \u201eChceme \u017ei\u0165 s vami.\u201c Tieto hesl\u00e1 boli \u00fastrednou my\u0161lienkou tohtoro\u010dn\u00e9ho stretnutia \u013eud\u00ed s ment\u00e1lnym postihnut\u00edm . Cie\u013eom podujatia je pozit\u00edvne ovplyvni\u0165 a meni\u0165 postoje verejnosti vo\u010di \u013eu\u010fom s ment\u00e1lnym postihnut\u00edm. Aby sa mohli zaradi\u0165 do be\u017enej spolo\u010dnosti, maj\u00fa tie\u017e pr\u00e1vo na vzdelanie, na pr\u00e1cu a \u017ei\u0165 plnohodnotn\u00fd \u017eivot v r\u00e1mci ich mo\u017enost\u00ed. Nie s\u00fa hor\u0161\u00ed ako ostatn\u00ed, len potrebuj\u00fa ur\u010dit\u00fd druh podpory. Cie\u013e a my\u0161lienka D\u0148a kriv\u00fdch zrkadiel je ka\u017ed\u00fd rok rovnak\u00e1 &#8211; b\u00fara\u0165 predsudky.<br \/>\nPodujatie zorganizovalo Zdru\u017eenie na pomoc \u013eud\u00ed s ment\u00e1lnym postihnut\u00edm v SR za podpory Ministerstva kult\u00fary SR, Mestskej \u010dasti Bratislava \u2013 Star\u00e9 mesto, nad\u00e1cie Dalkia a Klost. Pozvanie organiz\u00e1tora prijala aj podpredsedn\u00ed\u010dka N\u00e1rodnej rady SR Erika Jurinov\u00e1, ktor\u00e1 podporila hlavn\u00fa my\u0161lienku podujatia kr\u00e1tkym pr\u00edhovorom o integr\u00e1cii \u013eud\u00ed so zdravotn\u00fdm postihnut\u00edm do spolo\u010dnosti.<\/p>\n<p><img loading=\"lazy\" decoding=\"async\" style=\"float: right;\" title=\"Image\" src=\"\/images\/2012DKZ\/02.jpg\" alt=\"Image\" width=\"297\" height=\"222\" border=\"0\" hspace=\"6\"><br \/>\nCel\u00fdm programom n\u00e1s sprev\u00e1dzala Patr\u00edcia Jarjabkov\u00e1-Garajov\u00e1 a uviedla aj \u010fal\u0161\u00edch host\u00ed podujatia. Na p\u00f3diu vyst\u00fapila Zuzka Smatanov\u00e1, pohybovo-divadeln\u00fd s\u00fabor STOPY SNOV , SOPKA a taktie\u017e skupina sebaobhajcov zo ZPMP v SR.<br \/>\nProgram sa za\u010dal o 14.00hod sprievodom, ktor\u00fd v rytme bubnov orchestra CAMPANA BUTACADA smeroval od Hviezdoslavovho n\u00e1mestia cez okolit\u00e9 uli\u010dky a sp\u00e4\u0165. Na n\u00e1mest\u00ed si mohli aj v tomto roku n\u00e1v\u0161tevn\u00edci zak\u00fapi\u0165 r\u00f4zne zauj\u00edmav\u00e9 v\u00fdrobky z r\u00fak \u013eud\u00ed s ment\u00e1lnym postihnut\u00edm, ktor\u00e9 boli vyroben\u00e9 v domovoch soci\u00e1lnych slu\u017eieb a v chr\u00e1nen\u00fdch diel\u0148ach.<\/p>\n<p><img loading=\"lazy\" decoding=\"async\" style=\"float: right;\" title=\"Image\" src=\"\/images\/2012DKZ\/03.jpg\" alt=\"Image\" width=\"291\" height=\"218\" border=\"0\" hspace=\"6\"><br \/>\nTento rok bol De\u0148 kriv\u00fdch zrkadiel s\u00fa\u010das\u0165ou kampane Nechcem, ale mus\u00edm&#8230; www.nechcemalemusim.sk<br \/>\nOkrem Bratislavy boli akcie v r\u00e1mci D\u0148a kriv\u00fdch zrkadiel aj v Malack\u00e1ch, Tornali, Nitre, Kom\u00e1rne, Tren\u010d\u00edne, Stropkove, Gelnici, v Nov\u00fdch Z\u00e1mkoch, Spi\u0161skej Novej Vsi a v Pre\u0161ove.<br \/>\nTe\u0161\u00edme sa na stretnutie op\u00e4\u0165 o rok, na \u010fal\u0161om v porad\u00ed u\u017e 8.ro\u010dn\u00edku.<\/p>\n<p>Jana Fordin\u00e1lov\u00e1<br \/>\nsoci\u00e1lny pracovn\u00edk<br \/>\nDom Svitania, n.o. Jakubov<\/p>\n<\/div>\n<p>&nbsp;<\/p>\n<p>&nbsp;<\/p>\n<div><div class=\"fg_gallery\">\n<div class=\"fg_thumbnail\" style=\"width:166px;margin:0px 5px 5px 0px;\">\n<a title=\"My Gallery (1\/15)\" href=\"https:\/\/www.domsvitania.sk\/images\/2012DKZ\/01.jpg\"><img decoding=\"async\" src=\"https:\/\/www.domsvitania.sk\/images\/2012DKZ\/cache_160x0\/01.jpg\" style=\"width:160px;margin:0;padding:2px;border-width:1px;\" alt=\"My Gallery (1\/15)\" \/><\/a><\/div>\n<div class=\"fg_thumbnail\" style=\"width:166px;margin:0px 5px 5px 0px;\">\n<a title=\"My Gallery (2\/15)\" href=\"https:\/\/www.domsvitania.sk\/images\/2012DKZ\/02.jpg\"><img decoding=\"async\" src=\"https:\/\/www.domsvitania.sk\/images\/2012DKZ\/cache_160x0\/02.jpg\" style=\"width:160px;margin:0;padding:2px;border-width:1px;\" alt=\"My Gallery (2\/15)\" \/><\/a><\/div>\n<div class=\"fg_thumbnail\" style=\"width:166px;margin:0px 5px 5px 0px;\">\n<a title=\"My Gallery (3\/15)\" href=\"https:\/\/www.domsvitania.sk\/images\/2012DKZ\/03.jpg\"><img decoding=\"async\" src=\"https:\/\/www.domsvitania.sk\/images\/2012DKZ\/cache_160x0\/03.jpg\" style=\"width:160px;margin:0;padding:2px;border-width:1px;\" alt=\"My Gallery (3\/15)\" \/><\/a><\/div>\n<div class=\"fg_thumbnail\" style=\"width:166px;margin:0px 5px 5px 0px;\">\n<a title=\"My Gallery (4\/15)\" href=\"https:\/\/www.domsvitania.sk\/images\/2012DKZ\/P6121072.JPG\"><img decoding=\"async\" src=\"https:\/\/www.domsvitania.sk\/images\/2012DKZ\/cache_160x0\/p6121072.jpg\" style=\"width:160px;margin:0;padding:2px;border-width:1px;\" alt=\"My Gallery (4\/15)\" \/><\/a><\/div>\n<div class=\"fg_thumbnail\" style=\"width:166px;margin:0px 5px 5px 0px;\">\n<a title=\"My Gallery (5\/15)\" href=\"https:\/\/www.domsvitania.sk\/images\/2012DKZ\/P6121075.JPG\"><img decoding=\"async\" src=\"https:\/\/www.domsvitania.sk\/images\/2012DKZ\/cache_160x0\/p6121075.jpg\" style=\"width:160px;margin:0;padding:2px;border-width:1px;\" alt=\"My Gallery (5\/15)\" \/><\/a><\/div>\n<div class=\"fg_thumbnail\" style=\"width:166px;margin:0px 5px 5px 0px;\">\n<a title=\"My Gallery (6\/15)\" href=\"https:\/\/www.domsvitania.sk\/images\/2012DKZ\/P6121082.JPG\"><img decoding=\"async\" src=\"https:\/\/www.domsvitania.sk\/images\/2012DKZ\/cache_160x0\/p6121082.jpg\" style=\"width:160px;margin:0;padding:2px;border-width:1px;\" alt=\"My Gallery (6\/15)\" \/><\/a><\/div>\n<div class=\"fg_thumbnail\" style=\"width:166px;margin:0px 5px 5px 0px;\">\n<a title=\"My Gallery (7\/15)\" href=\"https:\/\/www.domsvitania.sk\/images\/2012DKZ\/P6121087.JPG\"><img decoding=\"async\" src=\"https:\/\/www.domsvitania.sk\/images\/2012DKZ\/cache_160x0\/p6121087.jpg\" style=\"width:160px;margin:0;padding:2px;border-width:1px;\" alt=\"My Gallery (7\/15)\" \/><\/a><\/div>\n<div class=\"fg_thumbnail\" style=\"width:166px;margin:0px 5px 5px 0px;\">\n<a title=\"My Gallery (8\/15)\" href=\"https:\/\/www.domsvitania.sk\/images\/2012DKZ\/P6121089.JPG\"><img decoding=\"async\" src=\"https:\/\/www.domsvitania.sk\/images\/2012DKZ\/cache_160x0\/p6121089.jpg\" style=\"width:160px;margin:0;padding:2px;border-width:1px;\" alt=\"My Gallery (8\/15)\" \/><\/a><\/div>\n<div class=\"fg_thumbnail\" style=\"width:166px;margin:0px 5px 5px 0px;\">\n<a title=\"My Gallery (9\/15)\" href=\"https:\/\/www.domsvitania.sk\/images\/2012DKZ\/P6121092.JPG\"><img decoding=\"async\" src=\"https:\/\/www.domsvitania.sk\/images\/2012DKZ\/cache_160x0\/p6121092.jpg\" style=\"width:160px;margin:0;padding:2px;border-width:1px;\" alt=\"My Gallery (9\/15)\" \/><\/a><\/div>\n<div class=\"fg_thumbnail\" style=\"width:166px;margin:0px 5px 5px 0px;\">\n<a title=\"My Gallery (10\/15)\" href=\"https:\/\/www.domsvitania.sk\/images\/2012DKZ\/P6121103.JPG\"><img decoding=\"async\" src=\"https:\/\/www.domsvitania.sk\/images\/2012DKZ\/cache_160x0\/p6121103.jpg\" style=\"width:160px;margin:0;padding:2px;border-width:1px;\" alt=\"My Gallery (10\/15)\" \/><\/a><\/div>\n<div class=\"fg_thumbnail\" style=\"width:166px;margin:0px 5px 5px 0px;\">\n<a title=\"My Gallery (11\/15)\" href=\"https:\/\/www.domsvitania.sk\/images\/2012DKZ\/P6121118.JPG\"><img decoding=\"async\" src=\"https:\/\/www.domsvitania.sk\/images\/2012DKZ\/cache_160x0\/p6121118.jpg\" style=\"width:160px;margin:0;padding:2px;border-width:1px;\" alt=\"My Gallery (11\/15)\" \/><\/a><\/div>\n<div class=\"fg_thumbnail\" style=\"width:166px;margin:0px 5px 5px 0px;\">\n<a title=\"My Gallery (12\/15)\" href=\"https:\/\/www.domsvitania.sk\/images\/2012DKZ\/P6121136.JPG\"><img decoding=\"async\" src=\"https:\/\/www.domsvitania.sk\/images\/2012DKZ\/cache_160x0\/p6121136.jpg\" style=\"width:160px;margin:0;padding:2px;border-width:1px;\" alt=\"My Gallery (12\/15)\" \/><\/a><\/div>\n<div class=\"fg_thumbnail\" style=\"width:166px;margin:0px 5px 5px 0px;\">\n<a title=\"My Gallery (13\/15)\" href=\"https:\/\/www.domsvitania.sk\/images\/2012DKZ\/P6121141.JPG\"><img decoding=\"async\" src=\"https:\/\/www.domsvitania.sk\/images\/2012DKZ\/cache_160x0\/p6121141.jpg\" style=\"width:160px;margin:0;padding:2px;border-width:1px;\" alt=\"My Gallery (13\/15)\" \/><\/a><\/div>\n<div class=\"fg_thumbnail\" style=\"width:166px;margin:0px 5px 5px 0px;\">\n<a title=\"My Gallery (14\/15)\" href=\"https:\/\/www.domsvitania.sk\/images\/2012DKZ\/P6121143.JPG\"><img decoding=\"async\" src=\"https:\/\/www.domsvitania.sk\/images\/2012DKZ\/cache_160x0\/p6121143.jpg\" style=\"width:160px;margin:0;padding:2px;border-width:1px;\" alt=\"My Gallery (14\/15)\" \/><\/a><\/div>\n<div class=\"fg_thumbnail\" style=\"width:166px;margin:0px 5px 5px 0px;\">\n<a title=\"My Gallery (15\/15)\" href=\"https:\/\/www.domsvitania.sk\/images\/2012DKZ\/P6121146.JPG\"><img decoding=\"async\" src=\"https:\/\/www.domsvitania.sk\/images\/2012DKZ\/cache_160x0\/p6121146.jpg\" style=\"width:160px;margin:0;padding:2px;border-width:1px;\" alt=\"My Gallery (15\/15)\" \/><\/a><\/div><br style=\"clear: both\" \/>\n<\/div>\n&nbsp;<\/div>\n","protected":false},"excerpt":{"rendered":"<p>12. j\u00fan je ka\u017edoro\u010dne a u\u017e tradi\u010dne D\u0148om kriv\u00fdch zrkadiel na Slovensku. Je to de\u0148, po\u010das ktor\u00e9ho sa na mnoh\u00fdch miestach Slovenska organizuj\u00fa akcie na podporu a zmenu postojov verejnosti vo\u010di \u013eu\u010fom s ment\u00e1lnym postihnut\u00edm. V utorok 12. j\u00fana 2012 sa Dom Svitania, n.o. ako ka\u017ed\u00fd rok op\u00e4\u0165 z\u00fa\u010dastnil na tomto podujat\u00ed v Bratislave na&#8230;<\/p>\n","protected":false},"author":1,"featured_media":1104,"comment_status":"open","ping_status":"open","sticky":false,"template":"","format":"standard","meta":{"_kad_post_transparent":"","_kad_post_title":"","_kad_post_layout":"","_kad_post_sidebar_id":"","_kad_post_content_style":"","_kad_post_vertical_padding":"","_kad_post_feature":"","_kad_post_feature_position":"","_kad_post_header":false,"_kad_post_footer":false,"_kad_post_classname":"","_jetpack_memberships_contains_paid_content":false,"footnotes":""},"categories":[57],"tags":[],"class_list":["post-87","post","type-post","status-publish","format-standard","has-post-thumbnail","hentry","category-archiv"],"yoast_head":"<!-- This site is optimized with the Yoast SEO plugin v26.7 - https:\/\/yoast.com\/wordpress\/plugins\/seo\/ -->\n<title>De\u0148 kriv\u00fdch zrkadiel 2012 - Dom Svitania<\/title>\n<meta name=\"robots\" content=\"index, follow, max-snippet:-1, max-image-preview:large, max-video-preview:-1\" \/>\n<link rel=\"canonical\" href=\"https:\/\/www.domsvitania.sk\/?p=87\" \/>\n<meta property=\"og:locale\" content=\"sk_SK\" \/>\n<meta property=\"og:type\" content=\"article\" \/>\n<meta property=\"og:title\" content=\"De\u0148 kriv\u00fdch zrkadiel 2012 - Dom Svitania\" \/>\n<meta property=\"og:description\" content=\"12. j\u00fan je ka\u017edoro\u010dne a u\u017e tradi\u010dne D\u0148om kriv\u00fdch zrkadiel na Slovensku. Je to de\u0148, po\u010das ktor\u00e9ho sa na mnoh\u00fdch miestach Slovenska organizuj\u00fa akcie na podporu a zmenu postojov verejnosti vo\u010di \u013eu\u010fom s ment\u00e1lnym postihnut\u00edm. V utorok 12. j\u00fana 2012 sa Dom Svitania, n.o. ako ka\u017ed\u00fd rok op\u00e4\u0165 z\u00fa\u010dastnil na tomto podujat\u00ed v Bratislave na...\" \/>\n<meta property=\"og:url\" content=\"https:\/\/www.domsvitania.sk\/?p=87\" \/>\n<meta property=\"og:site_name\" content=\"Dom Svitania\" \/>\n<meta property=\"article:publisher\" content=\"https:\/\/www.facebook.com\/domsvitaniask\" \/>\n<meta property=\"article:published_time\" content=\"2012-06-14T08:43:59+00:00\" \/>\n<meta property=\"article:modified_time\" content=\"2025-02-28T13:24:45+00:00\" \/>\n<meta property=\"og:image\" content=\"https:\/\/www.domsvitania.sk\/wp-content\/uploads\/2012\/06\/P6121072-e1674414053838.jpeg\" \/>\n\t<meta property=\"og:image:width\" content=\"800\" \/>\n\t<meta property=\"og:image:height\" content=\"304\" \/>\n\t<meta property=\"og:image:type\" content=\"image\/jpeg\" \/>\n<meta name=\"author\" content=\"admin\" \/>\n<meta name=\"twitter:card\" content=\"summary_large_image\" \/>\n<meta name=\"twitter:label1\" content=\"Autor\" \/>\n\t<meta name=\"twitter:data1\" content=\"admin\" \/>\n\t<meta name=\"twitter:label2\" content=\"Predpokladan\u00fd \u010das \u010d\u00edtania\" \/>\n\t<meta name=\"twitter:data2\" content=\"3 min\u00faty\" \/>\n<script type=\"application\/ld+json\" class=\"yoast-schema-graph\">{\"@context\":\"https:\/\/schema.org\",\"@graph\":[{\"@type\":\"Article\",\"@id\":\"https:\/\/www.domsvitania.sk\/?p=87#article\",\"isPartOf\":{\"@id\":\"https:\/\/www.domsvitania.sk\/?p=87\"},\"author\":{\"name\":\"admin\",\"@id\":\"https:\/\/www.domsvitania.sk\/#\/schema\/person\/0044dcfade948b8ffe79692cb498c42e\"},\"headline\":\"De\u0148 kriv\u00fdch zrkadiel 2012\",\"datePublished\":\"2012-06-14T08:43:59+00:00\",\"dateModified\":\"2025-02-28T13:24:45+00:00\",\"mainEntityOfPage\":{\"@id\":\"https:\/\/www.domsvitania.sk\/?p=87\"},\"wordCount\":526,\"commentCount\":0,\"publisher\":{\"@id\":\"https:\/\/www.domsvitania.sk\/#organization\"},\"image\":{\"@id\":\"https:\/\/www.domsvitania.sk\/?p=87#primaryimage\"},\"thumbnailUrl\":\"https:\/\/www.domsvitania.sk\/wp-content\/uploads\/2012\/06\/P6121072-e1674414053838.jpeg\",\"articleSection\":[\"Archiv\"],\"inLanguage\":\"sk-SK\",\"potentialAction\":[{\"@type\":\"CommentAction\",\"name\":\"Comment\",\"target\":[\"https:\/\/www.domsvitania.sk\/?p=87#respond\"]}]},{\"@type\":\"WebPage\",\"@id\":\"https:\/\/www.domsvitania.sk\/?p=87\",\"url\":\"https:\/\/www.domsvitania.sk\/?p=87\",\"name\":\"De\u0148 kriv\u00fdch zrkadiel 2012 - Dom Svitania\",\"isPartOf\":{\"@id\":\"https:\/\/www.domsvitania.sk\/#website\"},\"primaryImageOfPage\":{\"@id\":\"https:\/\/www.domsvitania.sk\/?p=87#primaryimage\"},\"image\":{\"@id\":\"https:\/\/www.domsvitania.sk\/?p=87#primaryimage\"},\"thumbnailUrl\":\"https:\/\/www.domsvitania.sk\/wp-content\/uploads\/2012\/06\/P6121072-e1674414053838.jpeg\",\"datePublished\":\"2012-06-14T08:43:59+00:00\",\"dateModified\":\"2025-02-28T13:24:45+00:00\",\"breadcrumb\":{\"@id\":\"https:\/\/www.domsvitania.sk\/?p=87#breadcrumb\"},\"inLanguage\":\"sk-SK\",\"potentialAction\":[{\"@type\":\"ReadAction\",\"target\":[\"https:\/\/www.domsvitania.sk\/?p=87\"]}]},{\"@type\":\"ImageObject\",\"inLanguage\":\"sk-SK\",\"@id\":\"https:\/\/www.domsvitania.sk\/?p=87#primaryimage\",\"url\":\"https:\/\/www.domsvitania.sk\/wp-content\/uploads\/2012\/06\/P6121072-e1674414053838.jpeg\",\"contentUrl\":\"https:\/\/www.domsvitania.sk\/wp-content\/uploads\/2012\/06\/P6121072-e1674414053838.jpeg\",\"width\":800,\"height\":304},{\"@type\":\"BreadcrumbList\",\"@id\":\"https:\/\/www.domsvitania.sk\/?p=87#breadcrumb\",\"itemListElement\":[{\"@type\":\"ListItem\",\"position\":1,\"name\":\"Domovsk\u00e1 str\u00e1nka\",\"item\":\"https:\/\/www.domsvitania.sk\/\"},{\"@type\":\"ListItem\",\"position\":2,\"name\":\"De\u0148 kriv\u00fdch zrkadiel 2012\"}]},{\"@type\":\"WebSite\",\"@id\":\"https:\/\/www.domsvitania.sk\/#website\",\"url\":\"https:\/\/www.domsvitania.sk\/\",\"name\":\"Dom Svitania\",\"description\":\"Rehabilita\u010dn\u00e9 stredisko a chr\u00e1nen\u00e1 diel\u0148a\",\"publisher\":{\"@id\":\"https:\/\/www.domsvitania.sk\/#organization\"},\"potentialAction\":[{\"@type\":\"SearchAction\",\"target\":{\"@type\":\"EntryPoint\",\"urlTemplate\":\"https:\/\/www.domsvitania.sk\/?s={search_term_string}\"},\"query-input\":{\"@type\":\"PropertyValueSpecification\",\"valueRequired\":true,\"valueName\":\"search_term_string\"}}],\"inLanguage\":\"sk-SK\"},{\"@type\":\"Organization\",\"@id\":\"https:\/\/www.domsvitania.sk\/#organization\",\"name\":\"Dom Svitania, n.o.\",\"url\":\"https:\/\/www.domsvitania.sk\/\",\"logo\":{\"@type\":\"ImageObject\",\"inLanguage\":\"sk-SK\",\"@id\":\"https:\/\/www.domsvitania.sk\/#\/schema\/logo\/image\/\",\"url\":\"https:\/\/www.domsvitania.sk\/wp-content\/uploads\/2023\/01\/dom_svitania_logo.jpg\",\"contentUrl\":\"https:\/\/www.domsvitania.sk\/wp-content\/uploads\/2023\/01\/dom_svitania_logo.jpg\",\"width\":243,\"height\":208,\"caption\":\"Dom Svitania, n.o.\"},\"image\":{\"@id\":\"https:\/\/www.domsvitania.sk\/#\/schema\/logo\/image\/\"},\"sameAs\":[\"https:\/\/www.facebook.com\/domsvitaniask\",\"https:\/\/www.instagram.com\/domsvitania\"]},{\"@type\":\"Person\",\"@id\":\"https:\/\/www.domsvitania.sk\/#\/schema\/person\/0044dcfade948b8ffe79692cb498c42e\",\"name\":\"admin\",\"image\":{\"@type\":\"ImageObject\",\"inLanguage\":\"sk-SK\",\"@id\":\"https:\/\/www.domsvitania.sk\/#\/schema\/person\/image\/\",\"url\":\"https:\/\/secure.gravatar.com\/avatar\/53ef7be8d1b92131e110e2a3f8fb8762d6e8986f8fd1802949720b8250706630?s=96&d=mm&r=g\",\"contentUrl\":\"https:\/\/secure.gravatar.com\/avatar\/53ef7be8d1b92131e110e2a3f8fb8762d6e8986f8fd1802949720b8250706630?s=96&d=mm&r=g\",\"caption\":\"admin\"},\"sameAs\":[\"http:\/\/wp.domsvitania.sk\"],\"url\":\"https:\/\/www.domsvitania.sk\/?author=1\"}]}<\/script>\n<!-- \/ Yoast SEO plugin. -->","yoast_head_json":{"title":"De\u0148 kriv\u00fdch zrkadiel 2012 - Dom Svitania","robots":{"index":"index","follow":"follow","max-snippet":"max-snippet:-1","max-image-preview":"max-image-preview:large","max-video-preview":"max-video-preview:-1"},"canonical":"https:\/\/www.domsvitania.sk\/?p=87","og_locale":"sk_SK","og_type":"article","og_title":"De\u0148 kriv\u00fdch zrkadiel 2012 - Dom Svitania","og_description":"12. j\u00fan je ka\u017edoro\u010dne a u\u017e tradi\u010dne D\u0148om kriv\u00fdch zrkadiel na Slovensku. Je to de\u0148, po\u010das ktor\u00e9ho sa na mnoh\u00fdch miestach Slovenska organizuj\u00fa akcie na podporu a zmenu postojov verejnosti vo\u010di \u013eu\u010fom s ment\u00e1lnym postihnut\u00edm. V utorok 12. j\u00fana 2012 sa Dom Svitania, n.o. ako ka\u017ed\u00fd rok op\u00e4\u0165 z\u00fa\u010dastnil na tomto podujat\u00ed v Bratislave na...","og_url":"https:\/\/www.domsvitania.sk\/?p=87","og_site_name":"Dom Svitania","article_publisher":"https:\/\/www.facebook.com\/domsvitaniask","article_published_time":"2012-06-14T08:43:59+00:00","article_modified_time":"2025-02-28T13:24:45+00:00","og_image":[{"width":800,"height":304,"url":"https:\/\/www.domsvitania.sk\/wp-content\/uploads\/2012\/06\/P6121072-e1674414053838.jpeg","type":"image\/jpeg"}],"author":"admin","twitter_card":"summary_large_image","twitter_misc":{"Autor":"admin","Predpokladan\u00fd \u010das \u010d\u00edtania":"3 min\u00faty"},"schema":{"@context":"https:\/\/schema.org","@graph":[{"@type":"Article","@id":"https:\/\/www.domsvitania.sk\/?p=87#article","isPartOf":{"@id":"https:\/\/www.domsvitania.sk\/?p=87"},"author":{"name":"admin","@id":"https:\/\/www.domsvitania.sk\/#\/schema\/person\/0044dcfade948b8ffe79692cb498c42e"},"headline":"De\u0148 kriv\u00fdch zrkadiel 2012","datePublished":"2012-06-14T08:43:59+00:00","dateModified":"2025-02-28T13:24:45+00:00","mainEntityOfPage":{"@id":"https:\/\/www.domsvitania.sk\/?p=87"},"wordCount":526,"commentCount":0,"publisher":{"@id":"https:\/\/www.domsvitania.sk\/#organization"},"image":{"@id":"https:\/\/www.domsvitania.sk\/?p=87#primaryimage"},"thumbnailUrl":"https:\/\/www.domsvitania.sk\/wp-content\/uploads\/2012\/06\/P6121072-e1674414053838.jpeg","articleSection":["Archiv"],"inLanguage":"sk-SK","potentialAction":[{"@type":"CommentAction","name":"Comment","target":["https:\/\/www.domsvitania.sk\/?p=87#respond"]}]},{"@type":"WebPage","@id":"https:\/\/www.domsvitania.sk\/?p=87","url":"https:\/\/www.domsvitania.sk\/?p=87","name":"De\u0148 kriv\u00fdch zrkadiel 2012 - Dom Svitania","isPartOf":{"@id":"https:\/\/www.domsvitania.sk\/#website"},"primaryImageOfPage":{"@id":"https:\/\/www.domsvitania.sk\/?p=87#primaryimage"},"image":{"@id":"https:\/\/www.domsvitania.sk\/?p=87#primaryimage"},"thumbnailUrl":"https:\/\/www.domsvitania.sk\/wp-content\/uploads\/2012\/06\/P6121072-e1674414053838.jpeg","datePublished":"2012-06-14T08:43:59+00:00","dateModified":"2025-02-28T13:24:45+00:00","breadcrumb":{"@id":"https:\/\/www.domsvitania.sk\/?p=87#breadcrumb"},"inLanguage":"sk-SK","potentialAction":[{"@type":"ReadAction","target":["https:\/\/www.domsvitania.sk\/?p=87"]}]},{"@type":"ImageObject","inLanguage":"sk-SK","@id":"https:\/\/www.domsvitania.sk\/?p=87#primaryimage","url":"https:\/\/www.domsvitania.sk\/wp-content\/uploads\/2012\/06\/P6121072-e1674414053838.jpeg","contentUrl":"https:\/\/www.domsvitania.sk\/wp-content\/uploads\/2012\/06\/P6121072-e1674414053838.jpeg","width":800,"height":304},{"@type":"BreadcrumbList","@id":"https:\/\/www.domsvitania.sk\/?p=87#breadcrumb","itemListElement":[{"@type":"ListItem","position":1,"name":"Domovsk\u00e1 str\u00e1nka","item":"https:\/\/www.domsvitania.sk\/"},{"@type":"ListItem","position":2,"name":"De\u0148 kriv\u00fdch zrkadiel 2012"}]},{"@type":"WebSite","@id":"https:\/\/www.domsvitania.sk\/#website","url":"https:\/\/www.domsvitania.sk\/","name":"Dom Svitania","description":"Rehabilita\u010dn\u00e9 stredisko a chr\u00e1nen\u00e1 diel\u0148a","publisher":{"@id":"https:\/\/www.domsvitania.sk\/#organization"},"potentialAction":[{"@type":"SearchAction","target":{"@type":"EntryPoint","urlTemplate":"https:\/\/www.domsvitania.sk\/?s={search_term_string}"},"query-input":{"@type":"PropertyValueSpecification","valueRequired":true,"valueName":"search_term_string"}}],"inLanguage":"sk-SK"},{"@type":"Organization","@id":"https:\/\/www.domsvitania.sk\/#organization","name":"Dom Svitania, n.o.","url":"https:\/\/www.domsvitania.sk\/","logo":{"@type":"ImageObject","inLanguage":"sk-SK","@id":"https:\/\/www.domsvitania.sk\/#\/schema\/logo\/image\/","url":"https:\/\/www.domsvitania.sk\/wp-content\/uploads\/2023\/01\/dom_svitania_logo.jpg","contentUrl":"https:\/\/www.domsvitania.sk\/wp-content\/uploads\/2023\/01\/dom_svitania_logo.jpg","width":243,"height":208,"caption":"Dom Svitania, n.o."},"image":{"@id":"https:\/\/www.domsvitania.sk\/#\/schema\/logo\/image\/"},"sameAs":["https:\/\/www.facebook.com\/domsvitaniask","https:\/\/www.instagram.com\/domsvitania"]},{"@type":"Person","@id":"https:\/\/www.domsvitania.sk\/#\/schema\/person\/0044dcfade948b8ffe79692cb498c42e","name":"admin","image":{"@type":"ImageObject","inLanguage":"sk-SK","@id":"https:\/\/www.domsvitania.sk\/#\/schema\/person\/image\/","url":"https:\/\/secure.gravatar.com\/avatar\/53ef7be8d1b92131e110e2a3f8fb8762d6e8986f8fd1802949720b8250706630?s=96&d=mm&r=g","contentUrl":"https:\/\/secure.gravatar.com\/avatar\/53ef7be8d1b92131e110e2a3f8fb8762d6e8986f8fd1802949720b8250706630?s=96&d=mm&r=g","caption":"admin"},"sameAs":["http:\/\/wp.domsvitania.sk"],"url":"https:\/\/www.domsvitania.sk\/?author=1"}]}},"jetpack_featured_media_url":"https:\/\/www.domsvitania.sk\/wp-content\/uploads\/2012\/06\/P6121072-e1674414053838.jpeg","jetpack_sharing_enabled":true,"_links":{"self":[{"href":"https:\/\/www.domsvitania.sk\/index.php?rest_route=\/wp\/v2\/posts\/87","targetHints":{"allow":["GET"]}}],"collection":[{"href":"https:\/\/www.domsvitania.sk\/index.php?rest_route=\/wp\/v2\/posts"}],"about":[{"href":"https:\/\/www.domsvitania.sk\/index.php?rest_route=\/wp\/v2\/types\/post"}],"author":[{"embeddable":true,"href":"https:\/\/www.domsvitania.sk\/index.php?rest_route=\/wp\/v2\/users\/1"}],"replies":[{"embeddable":true,"href":"https:\/\/www.domsvitania.sk\/index.php?rest_route=%2Fwp%2Fv2%2Fcomments&post=87"}],"version-history":[{"count":3,"href":"https:\/\/www.domsvitania.sk\/index.php?rest_route=\/wp\/v2\/posts\/87\/revisions"}],"predecessor-version":[{"id":1103,"href":"https:\/\/www.domsvitania.sk\/index.php?rest_route=\/wp\/v2\/posts\/87\/revisions\/1103"}],"wp:featuredmedia":[{"embeddable":true,"href":"https:\/\/www.domsvitania.sk\/index.php?rest_route=\/wp\/v2\/media\/1104"}],"wp:attachment":[{"href":"https:\/\/www.domsvitania.sk\/index.php?rest_route=%2Fwp%2Fv2%2Fmedia&parent=87"}],"wp:term":[{"taxonomy":"category","embeddable":true,"href":"https:\/\/www.domsvitania.sk\/index.php?rest_route=%2Fwp%2Fv2%2Fcategories&post=87"},{"taxonomy":"post_tag","embeddable":true,"href":"https:\/\/www.domsvitania.sk\/index.php?rest_route=%2Fwp%2Fv2%2Ftags&post=87"}],"curies":[{"name":"wp","href":"https:\/\/api.w.org\/{rel}","templated":true}]}}